{"id":102710,"date":"2020-10-24T12:53:32","date_gmt":"2020-10-24T16:53:32","guid":{"rendered":"https:\/\/linitiative.ca\/International\/cameroun-270-000-emplois-perdus-en-2020-a-cause-de-la-covid-19\/"},"modified":"2020-10-24T12:53:32","modified_gmt":"2020-10-24T16:53:32","slug":"cameroun-270-000-emplois-perdus-en-2020-a-cause-de-la-covid-19","status":"publish","type":"post","link":"https:\/\/linitiative.ca\/International\/cameroun-270-000-emplois-perdus-en-2020-a-cause-de-la-covid-19\/","title":{"rendered":"Cameroun : 270 000 emplois perdus en 2020 \u00e0 cause de la Covid-19"},"content":{"rendered":"<p>En 2020, l\u2019ex\u00e9cution des projets et programmes d\u2019investissement public au Cameroun devrait g\u00e9n\u00e9rer 231\u00a0160 \u00ab\u00a0opportunit\u00e9s d\u2019emplois\u00a0\u00bb\u00a0ou \u00ab\u00a0work opportunities (WO)\u00a0\u00bb, en anglais. C\u2019est le nombre d\u2019emplois permanents, temporaires et occasionnels susceptibles d\u2019\u00eatre cr\u00e9\u00e9s. Ce chiffre tombe \u00e0 84\u00a0992 emplois lorsque l\u2019unit\u00e9 de mesure est l\u2019\u00ab\u00e9quivalent temps plein (ETP). Il s\u2019agit l\u00e0 des statistiques actualis\u00e9es par le minist\u00e8re de l\u2019Emploi et de la formation professionnelle (Minefop) avec l\u2019appui du Bureau international du travail (BIT). \u00a0<\/p>\n<p>Obtenues gr\u00e2ce au Guide d\u2019\u00e9valuation du potentiel d\u2019emplois des projets et programmes d\u2019investissement public au Cameroun con\u00e7u depuis 2017 par le BIT, ces donn\u00e9es ont \u00e9t\u00e9 pr\u00e9sent\u00e9es le 15 octobre 2020 \u00e0 Yaound\u00e9. Elles montrent une baisse par rapport aux estimations initiales qui \u00e9taient de 273\u00a0958 WO et 100\u00a0382 EPT.<\/p>\n<p><strong>Lire aussi<\/strong> : <a href=\"https:\/\/ecomatin.net\/en-30-ans-le-fne-a-cree-plus-de-200-000-emplois-directs-et-indirects\/\" rel=\"nofollow\">En 30 ans, le FNE a cr\u00e9\u00e9 plus de 30.000 emplois directs et indirects<\/a><\/p>\n<p>Selon le Minefop, Issa Tchiroma Bakary, ces chiffres restent importants malgr\u00e9 tout et peuvent d\u2019ailleurs \u00eatre am\u00e9lior\u00e9s d\u2019ici la fin de l\u2019exercice.\u00a0Ce n\u2019est pas n\u00e9gligeable, soit. Mais c\u2019est loin d\u2019\u00eatre, \u00e0 proprement parler, une bonne nouvelle. Bien au contraire. En pr\u00e9sentant le programme \u00e9conomique, financier, social, culturel du gouvernement pour l\u2019exercice 2020 devant le Parlement, le 29 novembre 2019, le Chef du gouvernement, Joseph Dion Ngute a annonc\u00e9 la cr\u00e9ation de 550 000 emplois avec, en prime, la promotion des emplois jeunes par une exemption des charges patronales sur les salaires des employ\u00e9s de moins de 35 ans. On est bien loin des estimations du Minefop et du BIT soit une perte qui varie de 276\u00a0042 \u00e0 318\u00a0840 emplois. Surtout que le gouvernement estime qu\u2019il y a eu cr\u00e9ation de 457\u00a0640 emplois en 2019.<\/p>\n<p><strong>Lire aussi<\/strong> : <a href=\"https:\/\/ecomatin.net\/formation-emploi-le-gicam-denonce-la-formation-professionnelle\/\">Formation-emploi\u00a0: le Gicam d\u00e9nonce la formation professionnelle<\/a><\/p>\n<p><strong>Coup de th\u00e9\u00e2tre<\/strong><\/p>\n<p>Parmi les causes de la d\u00e9gradation de ces projections, l\u2019on \u00e9voque la pand\u00e9mie du coronavirus avec l\u2019apparition du premier cas positif du Covid-19, le 6 mars 2020. La crise sanitaire qui s\u2019en est suivie a eu pour cons\u00e9quences entre autres la r\u00e9vision \u00e0 la baisse des perspectives de croissance pour 2020 de 5,1points. Cette \u00ab\u00a0croissance\u00a0\u00bb se situe actuellement \u00e0 -1,1% contre 4% dans la loi de finances initiales\u00a0; la r\u00e9vision \u00e0 la baisse de l\u2019Etat de 542,6 milliards de FCFA (-11%) du budget\u00a0; la r\u00e9vision \u00e0 la baisse de 768,6 milliards (-22,2%) des objectifs de mobilisation des recettes internes, notamment du fait de la r\u00e9duction de 14,3% des recettes p\u00e9troli\u00e8res\u00a0; la d\u00e9t\u00e9rioration du solde budg\u00e9taire global \u00e0 -4,5% du PIB en 2020 contre -2,1% initialement.<\/p>\n<p>Pourtant, l\u2019ann\u00e9e 2020 a commenc\u00e9 avec de belles esp\u00e9rances\u00a0: l\u2019espoir que la Strat\u00e9gie a commenc\u00e9 avec de Nationale de D\u00e9veloppement du Cameroun \u00e0 l\u2019horizon 2030 soit mise en \u0153uvre, l\u2019espoir d\u2019une croissance retrouv\u00e9e selon les pr\u00e9visions du Document de strat\u00e9gie pour la croissance et l\u2019emploi (Dsce), l\u2019augmentation du taux d\u2019emploi, etc. dans ses hypoth\u00e8ses macro\u00e9conomiques, le gouvernement table sur un taux de croissance du Produit Int\u00e9rieur Brut de 4%, une inflation contenue \u00e0 moins de 3%, un d\u00e9ficit budg\u00e9taire global de 2,1%, un prix moyen du baril de p\u00e9trole de 55,3 dollars avec une parit\u00e9\u00a0 de 575 FCFA pour un dollar.<\/p>\n<p><strong>Lire aussi<\/strong> : <a href=\"https:\/\/ecomatin.net\/croissance-et-emploi-le-secteur-prive-ne-croit-plus-au-dsce\/\">Croissance et emploi\u00a0: le secteur priv\u00e9 ne cro\u00eet plus au DSCE<\/a><\/p>\n<div class=\"awac-wrapper awac widget posts-list-widget-11\">\n<h4 class=\"widget-title\">Le plus r\u00e9cent<\/h4>\n<\/div>\n<p>Auteur: Eco Matin<br \/>\n<a href=\"https:\/\/ecomatin.net\/cameroun-270-000-emplois-perdus-en-2020-a-cause-de-la-covid-19\/\">Cliquez ici pour lire l&rsquo;article depuis sa source.<\/a><\/p>\n","protected":false},"excerpt":{"rendered":"<p>En 2020, l\u2019ex\u00e9cution des projets et programmes d\u2019investissement public au Cameroun devrait g\u00e9n\u00e9rer 231\u00a0160 \u00ab\u00a0opportunit\u00e9s d\u2019emplois\u00a0\u00bb\u00a0ou \u00ab\u00a0work opportunities (WO)\u00a0\u00bb, en anglais. C\u2019est le nombre d\u2019emplois permanents, temporaires et occasionnels susceptibles d\u2019\u00eatre cr\u00e9\u00e9s. Ce chiffre tombe \u00e0 84\u00a0992 emplois lorsque l\u2019unit\u00e9 de mesure est l\u2019\u00ab\u00e9quivalent temps plein (ETP). Il s\u2019agit l\u00e0 des statistiques actualis\u00e9es par le [&hellip;]<\/p>\n","protected":false},"author":1969,"featured_media":0,"comment_status":"closed","ping_status":"closed","sticky":false,"template":"","format":"standard","meta":{"fifu_image_url":"","fifu_image_alt":"","footnotes":""},"categories":[82,78],"tags":[],"class_list":["post-102710","post","type-post","status-publish","format-standard","hentry","category-cameroun","category-economie"],"_links":{"self":[{"href":"https:\/\/linitiative.ca\/International\/wp-json\/wp\/v2\/posts\/102710","targetHints":{"allow":["GET"]}}],"collection":[{"href":"https:\/\/linitiative.ca\/International\/wp-json\/wp\/v2\/posts"}],"about":[{"href":"https:\/\/linitiative.ca\/International\/wp-json\/wp\/v2\/types\/post"}],"author":[{"embeddable":true,"href":"https:\/\/linitiative.ca\/International\/wp-json\/wp\/v2\/users\/1969"}],"replies":[{"embeddable":true,"href":"https:\/\/linitiative.ca\/International\/wp-json\/wp\/v2\/comments?post=102710"}],"version-history":[{"count":0,"href":"https:\/\/linitiative.ca\/International\/wp-json\/wp\/v2\/posts\/102710\/revisions"}],"wp:attachment":[{"href":"https:\/\/linitiative.ca\/International\/wp-json\/wp\/v2\/media?parent=102710"}],"wp:term":[{"taxonomy":"category","embeddable":true,"href":"https:\/\/linitiative.ca\/International\/wp-json\/wp\/v2\/categories?post=102710"},{"taxonomy":"post_tag","embeddable":true,"href":"https:\/\/linitiative.ca\/International\/wp-json\/wp\/v2\/tags?post=102710"}],"curies":[{"name":"wp","href":"https:\/\/api.w.org\/{rel}","templated":true}]}}