{"id":102731,"date":"2020-10-25T13:05:33","date_gmt":"2020-10-25T17:05:33","guid":{"rendered":"https:\/\/linitiative.ca\/International\/les-artistes-de-jemaa-fna-redonnent-vie-a-la-place-de-la-cite-ocre\/"},"modified":"2020-10-25T13:05:33","modified_gmt":"2020-10-25T17:05:33","slug":"les-artistes-de-jemaa-fna-redonnent-vie-a-la-place-de-la-cite-ocre","status":"publish","type":"post","link":"https:\/\/linitiative.ca\/International\/les-artistes-de-jemaa-fna-redonnent-vie-a-la-place-de-la-cite-ocre\/","title":{"rendered":"Les artistes de Jema\u00e2 Fna redonnent vie \u00e0 la place de la cit\u00e9 ocre"},"content":{"rendered":"<div readability=\"36\">\n<p>Marrakech \u2013 Des dizaines de groupes d\u2019artistes de la c\u00e9l\u00e8bre Place Jemaa Fna ont \u00e9t\u00e9 invit\u00e9s, samedi, \u00e0 animer des spectacles en vue de redonner vie \u00e0 la mythique place au cours d\u2019une journ\u00e9e de repr\u00e9sentation artistique.<\/p>\n<\/div>\n<div readability=\"91\">\n<p>Initi\u00e9e par le Centre de d\u00e9veloppement de la r\u00e9gion du Tensift (CDRT) et l\u2019Association Grand Atlas en collaboration et en coordination avec la Wilaya de la r\u00e9gion Marrakech-Safi, cette manifestation culturelle et artistique se voulait lancer un message fort, celui de la solidarit\u00e9 et l\u2019espoir en un retour \u00e0 la normale dans cette mythique place, qui aspire accueillir \u00e0 bras ouverts, dans un avenir tr\u00e8s proche, ses visiteurs et ses artistes.<\/p>\n<p>Pendant pr\u00e8s de trois heures, les conteurs, les musiciens gnawis, ghiwanis, les acrobates agiles, toutes ces m\u00e9moires vivantes, qui font la renomm\u00e9e de cette place, ont anim\u00e9 et r\u00e9investi Jem\u00e2a El Fna, c\u0153ur battant de Marrakech, haut lieu d\u2019attraction, site historique embl\u00e9matique du tourisme au Maroc et une adresse incontournable pour tous les Marocains.<\/p>\n<p>Ces sc\u00e8nes de divertissement inhabituelles en cette conjoncture exceptionnelle ont r\u00e9ussi \u00e0 faire sortir Jema\u00e2 Fna du silence et de la torpeur, impos\u00e9s par la pand\u00e9mie du Covid-19 et \u00e0 attirer des touristes et de r\u00e9sidents de la cit\u00e9 ocre, venus admirer avec beaucoup d\u2019\u00e9motions un patrimoine immat\u00e9riel qui fait la fiert\u00e9 de tous les Marocains.<\/p>\n<p>Cette manifestation culturelle, qui s\u2019est d\u00e9roul\u00e9e dans le strict respect des mesures sanitaires visant \u00e0 enrayer la propagation du nouveau coronavirus (Covid-19), avait pour objectif de signaler que l\u2019activit\u00e9 touristique et culturelle reprend progressivement \u00e0 la cit\u00e9 ocre et \u00e0 la place Jema\u00e2 Fna, a indiqu\u00e9 \u00e0 la MAP, le pr\u00e9sident du CDRT, Ahmed Chehbouni, relevant que cet \u00e9v\u00e9nement vise en premier lieu \u00e0 soutenir mat\u00e9riellement les artistes de la place, qui ont d\u00fb vider les lieux pour se conformer aux consignes des autorit\u00e9s comp\u00e9tentes en attendant des jours meilleurs.<\/p>\n<p>Et de noter que ce genre d\u2019initiatives louables d\u2019entraide et de solidarit\u00e9 est appel\u00e9 \u00e0 se multiplier \u00e0 l\u2019\u00e9gard de cette frange de la soci\u00e9t\u00e9, qui vit au jour le jour des recettes de leurs cr\u00e9ations artistiques et dont l\u2019activit\u00e9 a \u00e9t\u00e9 frapp\u00e9e de plein fouet par les r\u00e9percussions de la pand\u00e9mie du Covid-19.<\/p>\n<p>Parall\u00e8lement aux spectacles, les deux associations ont men\u00e9 une campagne de sensibilisation sur les dangers de la Covid-19 et les moyens de s\u2019en pr\u00e9munir et ont proc\u00e9d\u00e9 \u00e0 la distribution de 2.000 masques de protection aux passants.<\/p>\n<p>L\u2019une des places les plus c\u00e9l\u00e8bres au monde, inscrite comme patrimoine culturel immat\u00e9riel depuis 2008 et patrimoine mondial depuis 1985 par l\u2019UNESCO, la Place de Jem\u00e2a El Fna accueille annuellement plus de 2 millions de visiteurs.<\/p>\n<\/div>\n<p>Auteur: Meriem IGASS<br \/>\n<a href=\"http:\/\/www.mapmarrakech.ma\/fr\/les-artistes-de-jemaa-fna-redonnent-vie-a-la-place-de-la-cite-ocre\/\">Cliquez ici pour lire l&rsquo;article depuis sa source.<\/a><\/p>\n","protected":false},"excerpt":{"rendered":"<p>Marrakech \u2013 Des dizaines de groupes d\u2019artistes de la c\u00e9l\u00e8bre Place Jemaa Fna ont \u00e9t\u00e9 invit\u00e9s, samedi, \u00e0 animer des spectacles en vue de redonner vie \u00e0 la mythique place au cours d\u2019une journ\u00e9e de repr\u00e9sentation artistique. Initi\u00e9e par le Centre de d\u00e9veloppement de la r\u00e9gion du Tensift (CDRT) et l\u2019Association Grand Atlas en collaboration [&hellip;]<\/p>\n","protected":false},"author":1788,"featured_media":0,"comment_status":"closed","ping_status":"closed","sticky":false,"template":"","format":"standard","meta":{"fifu_image_url":"","fifu_image_alt":"","footnotes":""},"categories":[54,76],"tags":[],"class_list":["post-102731","post","type-post","status-publish","format-standard","hentry","category-maroc","category-regions"],"_links":{"self":[{"href":"https:\/\/linitiative.ca\/International\/wp-json\/wp\/v2\/posts\/102731","targetHints":{"allow":["GET"]}}],"collection":[{"href":"https:\/\/linitiative.ca\/International\/wp-json\/wp\/v2\/posts"}],"about":[{"href":"https:\/\/linitiative.ca\/International\/wp-json\/wp\/v2\/types\/post"}],"author":[{"embeddable":true,"href":"https:\/\/linitiative.ca\/International\/wp-json\/wp\/v2\/users\/1788"}],"replies":[{"embeddable":true,"href":"https:\/\/linitiative.ca\/International\/wp-json\/wp\/v2\/comments?post=102731"}],"version-history":[{"count":0,"href":"https:\/\/linitiative.ca\/International\/wp-json\/wp\/v2\/posts\/102731\/revisions"}],"wp:attachment":[{"href":"https:\/\/linitiative.ca\/International\/wp-json\/wp\/v2\/media?parent=102731"}],"wp:term":[{"taxonomy":"category","embeddable":true,"href":"https:\/\/linitiative.ca\/International\/wp-json\/wp\/v2\/categories?post=102731"},{"taxonomy":"post_tag","embeddable":true,"href":"https:\/\/linitiative.ca\/International\/wp-json\/wp\/v2\/tags?post=102731"}],"curies":[{"name":"wp","href":"https:\/\/api.w.org\/{rel}","templated":true}]}}