{"id":102732,"date":"2020-10-25T05:30:55","date_gmt":"2020-10-25T09:30:55","guid":{"rendered":"https:\/\/linitiative.ca\/International\/vers-la-creation-dun-marche-national-des-dattes-a-ouargla\/"},"modified":"2020-10-25T05:30:55","modified_gmt":"2020-10-25T09:30:55","slug":"vers-la-creation-dun-marche-national-des-dattes-a-ouargla","status":"publish","type":"post","link":"https:\/\/linitiative.ca\/International\/vers-la-creation-dun-marche-national-des-dattes-a-ouargla\/","title":{"rendered":"Vers la cr\u00e9ation d\u2019un march\u00e9 national des dattes \u00e0 Ouargla"},"content":{"rendered":"<div readability=\"36\">\n<p dir=\"ltr\" class=\"c30\"><strong>OUARGLA &#8211; Un march\u00e9 des dattes sera r\u00e9alis\u00e9 dans la wilaya d\u2019Ouargla pour une meilleure organisation de la commercialisation de ce produit provenant des r\u00e9gions dans le Sud du pays, a annonc\u00e9 samedi \u00e0 partir d&rsquo;Ouargla le ministre du Commerce, Kamel Rezig.<\/strong><\/p>\n<\/div>\n<div readability=\"112.63690140845\">\n<p dir=\"ltr\" class=\"c30\">Intervenant lors d\u2019une s\u00e9ance de travail avec les op\u00e9rateurs \u00e9conomiques locaux, M. Rezig a soulign\u00e9 que ce futur espace commercial dont les travaux seront lanc\u00e9s en 2021 devra contribuer \u00e0 trouver des solutions aux probl\u00e8mes d\u2019\u00e9coulement auxquels font face les ph\u0153niciculteurs de la r\u00e9gion \u00e0 la faveur de l\u2019encadrement et l\u2019organisation de la distribution des dattes \u00e0 travers le territoire national.<\/p>\n<blockquote readability=\"12\">\n<p dir=\"ltr\" class=\"c30\"><strong>\u00ab\u00a0Bien que des mesures aient \u00e9t\u00e9 prises par le gouvernement pour faire face \u00e0 la pand\u00e9mie du Covid-19, l\u2019exportation des dattes \u00ab\u00a0n\u2019a toutefois pas \u00e9t\u00e9 suspendue\u00a0\u00bb, a soutenu le ministre, rassurant que \u00ab\u00a0toutes les vari\u00e9t\u00e9s datti\u00e8res sont \u00e9ligibles \u00e0 l\u2019exportation\u00a0\u00bb, et que son d\u00e9partement minist\u00e9riel accompagnera les producteurs en prenant en charge une partie des co\u00fbts de transport de cette marchandise.<\/strong><\/p>\n<\/blockquote>\n<p dir=\"ltr\" class=\"c30\">M. Rezig a indiqu\u00e9 que \u00ab\u00a0les dattes s\u00e8ches et leurs d\u00e9riv\u00e9es, hormis celles dites molles, dont la vari\u00e9t\u00e9 Deglet-Nour, sont exportables par voie du troc\u00a0\u00bb, ajoutant que \u00ab\u00a0l\u2019Alg\u00e9rie assure actuellement l\u2019exportation des dattes vers 64 pays, jugeant le nombre de pays importateurs \u00ab\u00a0infime\u00a0\u00bb par rapport aux potentialit\u00e9s existantes.<\/p>\n<p dir=\"ltr\" class=\"c30\">\u00ab\u00a0La fili\u00e8re ph\u0153nicicole constitue un levier \u00e0 m\u00eame de contribuer \u00e0 l\u2019augmentation du volume d\u2019exportation vers plusieurs pays \u00e0 condition que cela ne soit pas \u00e0 bas prix\u00a0\u00bb, avant d\u2019ajouter que \u00ab\u00a0ce segment sera r\u00e9gul\u00e9 \u00e0 travers le pays et que son exportation sera organis\u00e9s avec le concours de plusieurs minist\u00e8res concern\u00e9s.\u00a0\u00bb<\/p>\n<hr\/>\n<p dir=\"ltr\" class=\"c30\"><strong>Lire aussi: <a href=\"http:\/\/www.aps.dz\/economie\/111637-plusieurs-ministeres-mobilises-pour-porter-les-exportations-des-dattes-a-500-mns-de-dollars\">Des minist\u00e8res mobilis\u00e9s pour porter les exportations des dattes \u00e0 500 mns de dollars<\/a><\/strong><\/p>\n<hr\/>\n<p dir=\"ltr\" class=\"c30\">Le ministre a, \u00e0 ce titre, indiqu\u00e9 que \u00ab\u00a0l\u2019Etat manifeste une volont\u00e9 de faire des dattes une seconde ressource permettant l&rsquo;apport de devises pour l\u2019Alg\u00e9rie avec l\u2019adoption, dans l&rsquo;avenir, d\u2019une strat\u00e9gie \u00e0 moyen et long termes pour le d\u00e9veloppement de la fili\u00e8re des dattes.<\/p>\n<p dir=\"ltr\" class=\"c30\">Le ministre a fait part \u00e9galement de l\u2019inauguration, au mois de d\u00e9cembre prochain \u00e0 Ouargla, de deux march\u00e9s r\u00e9gionaux de gros, zone Sud-est du pays, le premier pour les denr\u00e9es alimentaires et le second pour fruits et l\u00e9gumes.<\/p>\n<p dir=\"ltr\" class=\"c30\">Le minist\u00e8re du Commerce entend cr\u00e9er cinq (5) march\u00e9s r\u00e9gionaux des produits alimentaires \u00e0 localiser au niveau des wilayas de Boumerdes, Tiaret, B\u00e9char, Ouargla et Batna o\u00f9 Khenchela, pour la 5\u00e8me structure.<\/p>\n<blockquote readability=\"9\">\n<p dir=\"ltr\" class=\"c30\"><em><strong>\u00ab\u00a0La wilaya d&rsquo;Ouargla sera dot\u00e9e du plus grand march\u00e9 r\u00e9gional \u00e0 bestiaux et d\u2019un autre pour v\u00e9hicules, susceptible de hisser la r\u00e9gion en p\u00f4le commercial et industriel \u00e0 m\u00eame de g\u00e9n\u00e9rer des milliers d\u2019emplois\u00a0\u00bb, a indiqu\u00e9 M. Rezig.<\/strong><\/em><\/p>\n<\/blockquote>\n<p dir=\"ltr\" class=\"c30\">Le ministre du Commerce a entam\u00e9 sa visite de travail dans la r\u00e9gion par l\u2019inspection du chantier du march\u00e9 de gros des fruits et l\u00e9gumes, en cours de r\u00e9alisation, pour un montant de 1,48 milliard DA, sur une assiette de 10 ha extensible \u00e0 son double, dans la commune d\u2019Ain El-Beida, p\u00e9riph\u00e9rie d&rsquo;Ouargla.<\/p>\n<p dir=\"ltr\" class=\"c30\">Offrant une capacit\u00e9 de 320.000 tonnes de fruits et l\u00e9gumes, ce projet, dont les travaux de r\u00e9alisation tirent \u00e0 leur fin, devra g\u00e9n\u00e9rer, une fois op\u00e9rationnel, plus de 800 emplois permanents, selon les explications fournies \u00e0 la d\u00e9l\u00e9gation minist\u00e9rielle.<\/p>\n<p dir=\"ltr\" class=\"c30\">Kamel Rezig a \u00e9galement visit\u00e9 l\u2019unit\u00e9 de conditionnement des dattes, et\u00a0inaugur\u00e9 le nouveau si\u00e8ge du registre du commerce, o\u00f9 il a exhort\u00e9 le personnel de cette structure de sortir sur le terrain pour vulgariser le registre du commerce ambulant, avant de cl\u00f4turer sa visite par l\u2019inspection de deux espaces commerciaux priv\u00e9s.<\/p>\n<\/div>\n<p>Auteur:<br \/>\n<a href=\"http:\/\/www.aps.dz\/regions\/111735-vers-la-creation-d-un-marche-national-des-dattes-a-ouargla\">Cliquez ici pour lire l&rsquo;article depuis sa source.<\/a><\/p>\n","protected":false},"excerpt":{"rendered":"<p>OUARGLA &#8211; Un march\u00e9 des dattes sera r\u00e9alis\u00e9 dans la wilaya d\u2019Ouargla pour une meilleure organisation de la commercialisation de ce produit provenant des r\u00e9gions dans le Sud du pays, a annonc\u00e9 samedi \u00e0 partir d&rsquo;Ouargla le ministre du Commerce, Kamel Rezig. Intervenant lors d\u2019une s\u00e9ance de travail avec les op\u00e9rateurs \u00e9conomiques locaux, M. Rezig [&hellip;]<\/p>\n","protected":false},"author":1790,"featured_media":0,"comment_status":"closed","ping_status":"closed","sticky":false,"template":"","format":"standard","meta":{"fifu_image_url":"","fifu_image_alt":"","footnotes":""},"categories":[53,76],"tags":[],"class_list":["post-102732","post","type-post","status-publish","format-standard","hentry","category-algerie","category-regions"],"_links":{"self":[{"href":"https:\/\/linitiative.ca\/International\/wp-json\/wp\/v2\/posts\/102732","targetHints":{"allow":["GET"]}}],"collection":[{"href":"https:\/\/linitiative.ca\/International\/wp-json\/wp\/v2\/posts"}],"about":[{"href":"https:\/\/linitiative.ca\/International\/wp-json\/wp\/v2\/types\/post"}],"author":[{"embeddable":true,"href":"https:\/\/linitiative.ca\/International\/wp-json\/wp\/v2\/users\/1790"}],"replies":[{"embeddable":true,"href":"https:\/\/linitiative.ca\/International\/wp-json\/wp\/v2\/comments?post=102732"}],"version-history":[{"count":0,"href":"https:\/\/linitiative.ca\/International\/wp-json\/wp\/v2\/posts\/102732\/revisions"}],"wp:attachment":[{"href":"https:\/\/linitiative.ca\/International\/wp-json\/wp\/v2\/media?parent=102732"}],"wp:term":[{"taxonomy":"category","embeddable":true,"href":"https:\/\/linitiative.ca\/International\/wp-json\/wp\/v2\/categories?post=102732"},{"taxonomy":"post_tag","embeddable":true,"href":"https:\/\/linitiative.ca\/International\/wp-json\/wp\/v2\/tags?post=102732"}],"curies":[{"name":"wp","href":"https:\/\/api.w.org\/{rel}","templated":true}]}}