{"id":102735,"date":"2020-10-25T13:27:55","date_gmt":"2020-10-25T17:27:55","guid":{"rendered":"https:\/\/linitiative.ca\/International\/skikda-bientot-une-vaste-operation-de-rehabilitation-du-palais-de-meriem-azza\/"},"modified":"2020-10-25T13:27:55","modified_gmt":"2020-10-25T17:27:55","slug":"skikda-bientot-une-vaste-operation-de-rehabilitation-du-palais-de-meriem-azza","status":"publish","type":"post","link":"https:\/\/linitiative.ca\/International\/skikda-bientot-une-vaste-operation-de-rehabilitation-du-palais-de-meriem-azza\/","title":{"rendered":"Skikda: bient\u00f4t une vaste op\u00e9ration de r\u00e9habilitation du palais de Meriem Azza"},"content":{"rendered":"<div readability=\"38\">\n<p><strong>SKIKDA &#8211; Le palais Meriem Azza de la ville de Skikda fera \u00ab\u00a0prochainement\u00a0\u00bb l\u2019objet d\u2019une vaste op\u00e9ration de r\u00e9habilitation concernant essentiellement la consolidation de cet \u00e9difice historique, a-t-on appris, dimanche, du directeur local de la Culture, Abdelaziz Boudjelaba.<\/strong><\/p>\n<\/div>\n<div readability=\"94.870717005076\">\n<p>\u00ab\u00a0Cette op\u00e9ration permettra la pr\u00e9servation de ce monument historique consid\u00e9r\u00e9 une des merveilles architecturales de Skikda, \u00e0 l\u2019image de l\u2019h\u00f4tel de ville, la gare, la b\u00e2tisse de la poste centrale et la banque centrale\u00a0\u00bb, a pr\u00e9cis\u00e9 le m\u00eame responsable dans une d\u00e9claration \u00e0 l\u2019APS.<\/p>\n<blockquote readability=\"12\">\n<p><em><strong>L\u2019op\u00e9ration vient s\u2019ajouter, selon le m\u00eame responsable, \u00e0 celle lanc\u00e9e en 2015 portant sur des \u00ab\u00a0travaux d\u2019urgence\u00a0\u00bb de renforcement de l\u2019\u00e9tanch\u00e9it\u00e9 suite aux infiltrations de pluies qui ont ab\u00eem\u00e9 une grande partie du palais, a-t-on d\u00e9taill\u00e9, soulignant que cette action a permis de pr\u00e9server la valeur architecturale et artistique de ce monument embl\u00e9matique.<\/strong><\/em><\/p>\n<\/blockquote>\n<p>La m\u00eame source a relev\u00e9 qu\u2019apr\u00e8s l\u2019ach\u00e8vement des travaux de ces r\u00e9habilitations, \u00ab\u00a0la future fonction de ce monument historique sera d\u00e9termin\u00e9e\u00a0\u00bb.<\/p>\n<p>Dans ce contexte, plusieurs associations locales ont propos\u00e9 de convertir le palais Meriem Azza, appel\u00e9\u00a0 \u00e9galement palais de Ben Gana, du nom d\u2019un des anciens propri\u00e9taires de ce chef d\u2019\u0153uvre, une fois les travaux de r\u00e9habilitation achev\u00e9s, en une maison d\u2019artiste devant accueillir les \u0153uvres d\u2019art des\u00a0 artistes de Skikda et d\u2019autres wilayas tout en leur offrant un espace de rencontre et d\u2019inspiration, a ajout\u00e9 le m\u00eame responsable qui rappelle que le grand penseur alg\u00e9rien, Malek Bennabi s\u2019asseyait souvent dans le jardin du palais Ben Gana pour m\u00e9diter et r\u00e9diger certains de ses ouvrages.<\/p>\n<p>Le palais Meriem Azza figure parmi les importants monuments historiques de cette r\u00e9gion c\u00f4ti\u00e8re, en mesure de captiver un nombre impressionnant de touristes locaux et \u00e9trangers qui ne peuvent que s\u2019\u00e9merveiller face \u00e0 sa beaut\u00e9 agr\u00e9ment\u00e9e par des infimes d\u00e9tails d\u00e9coratifs et de construction, selon le directeur local de la culture.<\/p>\n<hr\/>\n<h3>Lire aussi:\u00a0<a href=\"http:\/\/www.aps.dz\/culture\/110403-tamanrasset-impliquer-la-population-locale-dans-la-preservation-du-patrimoine-culturel\" target=\"_blank\" rel=\"noopener noreferrer\">Bendouda: impliquer la population locale dans la pr\u00e9servation du patrimoine culturel<\/a><\/h3>\n<hr\/>\n<blockquote readability=\"13\">\n<p><em><strong>Construit en 1913 par l\u2019architecte Charles Montaland, \u00e0 la demande de Paul Cuttoli, alors maire de la commune de Skikda, le palais de Meriem Azza, occupe un site tr\u00e8s bois\u00e9 qui surplombe le versant marin de la corniche de Stora avec une vue panoramique sur l\u2019une des plus belles plages de l\u2019antique Rusicada, a-t-on pr\u00e9cis\u00e9.<\/strong><\/em><\/p>\n<\/blockquote>\n<p>L\u2019architecte Montaland avait\u00a0 r\u00e9alis\u00e9 un chef d\u2019ouvre d\u00e9clin\u00e9 dans un style architectural andalou mauresque hautement raffin\u00e9 o\u00f9 s&rsquo;entrem\u00ealent et s\u2019\u00e9pousent les sculptures, les dessins, les calligraphies offrant \u00e0 la vue une oeuvre captivante, ajoute-t-on.<\/p>\n<p>Paul Cuttoli avait fait construire ce palais \u00ab\u00a0joyau\u00a0\u00bb en guise de cadeau \u00e0 son \u00e9pouse, Marie, d\u2019o\u00f9 l\u2019appellation palais de Meriem qui est l\u2019\u00e9quivalent arabe de Marie qui y accueillait ses h\u00f4tes de marque, avant d\u2019\u00eatre vendu \u00e0 un autre propri\u00e9taire Ben Gana, un richissime, issu de la wilaya de Biskra.<\/p>\n<p>Ce monument a \u00e9t\u00e9 class\u00e9 en 1981, patrimoine national et au cours de la m\u00eame ann\u00e9e, les services de la wilaya avaient entam\u00e9 des travaux de restauration dans ce palais, rappelle-t-on.<\/p>\n<p>Jusqu\u2019\u00e0 r\u00e9cemment, le palais Meriem Azza servait de r\u00e9sidence d\u2019h\u00f4te pour les visiteurs les plus distingu\u00e9s de la wilaya.<\/p>\n<\/div>\n<p>Auteur:<br \/>\n<a href=\"http:\/\/www.aps.dz\/regions\/111768-skikda-une-vaste-operation-de-rehabilitation-du-palais-de-meriem-azza-prochainement\">Cliquez ici pour lire l&rsquo;article depuis sa source.<\/a><\/p>\n","protected":false},"excerpt":{"rendered":"<p>SKIKDA &#8211; Le palais Meriem Azza de la ville de Skikda fera \u00ab\u00a0prochainement\u00a0\u00bb l\u2019objet d\u2019une vaste op\u00e9ration de r\u00e9habilitation concernant essentiellement la consolidation de cet \u00e9difice historique, a-t-on appris, dimanche, du directeur local de la Culture, Abdelaziz Boudjelaba. \u00ab\u00a0Cette op\u00e9ration permettra la pr\u00e9servation de ce monument historique consid\u00e9r\u00e9 une des merveilles architecturales de Skikda, \u00e0 [&hellip;]<\/p>\n","protected":false},"author":1790,"featured_media":0,"comment_status":"closed","ping_status":"closed","sticky":false,"template":"","format":"standard","meta":{"fifu_image_url":"","fifu_image_alt":"","footnotes":""},"categories":[53,76],"tags":[],"class_list":["post-102735","post","type-post","status-publish","format-standard","hentry","category-algerie","category-regions"],"_links":{"self":[{"href":"https:\/\/linitiative.ca\/International\/wp-json\/wp\/v2\/posts\/102735","targetHints":{"allow":["GET"]}}],"collection":[{"href":"https:\/\/linitiative.ca\/International\/wp-json\/wp\/v2\/posts"}],"about":[{"href":"https:\/\/linitiative.ca\/International\/wp-json\/wp\/v2\/types\/post"}],"author":[{"embeddable":true,"href":"https:\/\/linitiative.ca\/International\/wp-json\/wp\/v2\/users\/1790"}],"replies":[{"embeddable":true,"href":"https:\/\/linitiative.ca\/International\/wp-json\/wp\/v2\/comments?post=102735"}],"version-history":[{"count":0,"href":"https:\/\/linitiative.ca\/International\/wp-json\/wp\/v2\/posts\/102735\/revisions"}],"wp:attachment":[{"href":"https:\/\/linitiative.ca\/International\/wp-json\/wp\/v2\/media?parent=102735"}],"wp:term":[{"taxonomy":"category","embeddable":true,"href":"https:\/\/linitiative.ca\/International\/wp-json\/wp\/v2\/categories?post=102735"},{"taxonomy":"post_tag","embeddable":true,"href":"https:\/\/linitiative.ca\/International\/wp-json\/wp\/v2\/tags?post=102735"}],"curies":[{"name":"wp","href":"https:\/\/api.w.org\/{rel}","templated":true}]}}