{"id":102737,"date":"2020-10-24T17:25:17","date_gmt":"2020-10-24T21:25:17","guid":{"rendered":"https:\/\/linitiative.ca\/International\/covid-19-le-secteur-de-lartisanat-en-quete-dun-nouveau-souffle\/"},"modified":"2020-10-24T17:25:17","modified_gmt":"2020-10-24T21:25:17","slug":"covid-19-le-secteur-de-lartisanat-en-quete-dun-nouveau-souffle","status":"publish","type":"post","link":"https:\/\/linitiative.ca\/International\/covid-19-le-secteur-de-lartisanat-en-quete-dun-nouveau-souffle\/","title":{"rendered":"Covid-19: le secteur de l\u2019artisanat en qu\u00eate d\u2019un nouveau souffle"},"content":{"rendered":"<p class=\"c4\">D\u00e9cid\u00e9ment, la pand\u00e9mie du nouveau coronavirus a frapp\u00e9 de plein fouet le secteur de l\u2019artisanat dans l\u2019Oriental et la sortie de crise para\u00eet trop lente, avec la hausse importante du nombre de contaminations dans la r\u00e9gion et les mesures restrictives visant \u00e0 interrompre la cha\u00eene de propagation du virus.<\/p>\n<p class=\"c4\">R\u00e9confort\u00e9s par les r\u00e9alisations accomplies durant cette derni\u00e8re d\u00e9cennie au profit du secteur, nombre d\u2019artisans se montrent optimistes et \u00e9voquent un retour \u00e0 la normale progressif apr\u00e8s des mois tr\u00e8s difficiles, tandis que d\u2019autres, affaiblis par la crise, se demandent quand ils verront le bout du tunnel, surtout que la pand\u00e9mie continue de s\u00e9vir dans la r\u00e9gion.<\/p>\n<p class=\"c4\">\u00abLes artisans \u00e9taient sur une courbe ascendante en termes de commercialisation, de formation, d\u2019accompagnement, de perfectionnement et d\u2019\u00e9largissement de leurs activit\u00e9s, mais la pand\u00e9mie nous a plong\u00e9s dans de grandes difficult\u00e9s \u00e0 caract\u00e8re socio-\u00e9conomique\u00bb. C\u2019est ainsi que r\u00e9sume la situation Talya Ismaili, pr\u00e9sidente de la coop\u00e9rative Al Ilaf des m\u00e9tiers d\u2019artisanat (couture traditionnelle et broderie).<\/p>\n<p class=\"c4\">La coop\u00e9rative, cr\u00e9\u00e9e en 2015 par un groupe de femmes issues de milieux d\u00e9favoris\u00e9s dans l\u2019objectif d\u2019am\u00e9liorer leurs conditions de vie, a pris son envol au fil des ann\u00e9es, notamment gr\u00e2ce \u00e0 la participation aux salons et foires, qui \u00e9taient un espace de pr\u00e9dilection tant pour l\u2019\u00e9coulement des produits et articles d\u2019artisanat que pour attirer de nouveaux clients, a-t-elle fait savoir dans une d\u00e9claration \u00e0 la MAP.<\/p>\n<p class=\"c4\">\u00abIl faut reconna\u00eetre que tout allait bien et nos ambitions \u00e9taient aussi grandes, jusqu\u2019\u00e0 l\u2019apparition de la Covid-19\u00bb, a confi\u00e9 Mme Ismaili avec amertume, notant qu\u2019avec le confinement et l\u2019\u00e9tat d\u2019urgence sanitaire les activit\u00e9s de la coop\u00e9rative ont \u00e9t\u00e9 presque paralys\u00e9es, \u00e0 tel point qu\u2019elle a \u00e9t\u00e9 contrainte de c\u00e9der son local spacieux, pour incapacit\u00e9 de paiement du loyer, pour s\u2019installer dans un autre plus petit.<\/p>\n<p class=\"c4\">M\u00eame si la coop\u00e9rative commence \u00e0 reprendre petit \u00e0 petit ses activit\u00e9s, cette ex-enseignante de la couture traditionnelle et moderne estime que dans le contexte actuel les coop\u00e9ratives, qui assurent une source de revenu pour de nombreuses familles n\u00e9cessiteuses, ont besoin plus que jamais d\u2019un soutien accru et de formations acc\u00e9l\u00e9r\u00e9es en mati\u00e8re de vente en ligne, adapt\u00e9es aux besoins des artisans et des artisanes afin qu\u2019ils puissent exploiter le potentiel offert par les plateformes de commercialisation digitale.<\/p>\n<p><img class=\"wp-image-23543 aligncenter\" data-src=\"http:\/\/www.mapoujda.ma\/map\/uploads\/2020\/10\/La-blouza-dOujda-M750&#xD7;430-MAP.jpg\" alt=\"\" width=\"576\" height=\"330\" srcset=\"http:\/\/www.mapoujda.ma\/map\/uploads\/2020\/10\/La-blouza-dOujda-M750&#xD7;430-MAP.jpg 750w, http:\/\/www.mapoujda.ma\/map\/uploads\/2020\/10\/La-blouza-dOujda-M750&#xD7;430-MAP-300x172.jpg 300w\" sizes=\"(max-width: 576px) 100vw, 576px\"\/><\/p>\n<p class=\"c4\">\u00abJe reste optimiste malgr\u00e9 le contexte, et j\u2019ai la ferme conviction que le secteur de l\u2019artisanat, qui regorge de potentialit\u00e9s et qui jouit de la Haute sollicitude royale, peut jouer un r\u00f4le de levier essentiel de d\u00e9veloppement socio-\u00e9conomique\u00bb, a conclu la pr\u00e9sidente de la coop\u00e9rative Al Ilaf qui a re\u00e7u le Label national de l\u2019artisanat et bien d\u2019autres distinctions.<\/p>\n<p class=\"c4\">De son c\u00f4t\u00e9, Ahmed Massoudi, un mono-artisan qui travaille depuis 1970 dans le domaine de la maroquinerie, a estim\u00e9 que la crise de Covid-19 a accentu\u00e9 davantage les souffrances des maroquiniers de l\u2019Oriental, mettant l\u2019accent sur l\u2019imp\u00e9ratif d\u2019entourer cette fili\u00e8re d\u2019artisanat de davantage d\u2019int\u00e9r\u00eat pour qu\u2019elle retrouve son aura d\u2019antan, et d\u2019aider les artisans par diff\u00e9rents moyens (cr\u00e9dits, logement social, couverture sociale, \u2026) pour pouvoir aller de l\u2019avant et conserver ce pr\u00e9cieux h\u00e9ritage de l\u2019artisanat dans la r\u00e9gion.<\/p>\n<p class=\"c4\">De l\u2019avis de M. Massoudi, qui est membre de la Chambre r\u00e9gionale d\u2019Artisanat depuis 1990, les maroquiniers de la r\u00e9gion ne manquent pas de savoir-faire et d\u2019habilet\u00e9, mais ils sont incapables de faire face et d\u2019affronter la concurrence \u00e9trang\u00e8re d\u00e9loyale, sans parler de l\u2019effet Covid-19.<\/p>\n<p class=\"c4\">Approch\u00e9 par la MAP, le Directeur r\u00e9gional de l\u2019Artisanat et de l\u2019Economie sociale, Khalid Dlimi a rappel\u00e9 que l\u2019Oriental a connu ces derni\u00e8res ann\u00e9es une \u00e9volution notable \u00e0 plusieurs niveaux \u00e0 la faveur d\u2019un ensemble d\u2019infrastructures et d\u2019actions cibl\u00e9es visant \u00e0 conforter les performances de ce secteur qui emploie plus de 130.000 personnes.<\/p>\n<p class=\"c4\">Ces r\u00e9alisations et les multiples initiatives men\u00e9es ou programm\u00e9es ont pour finalit\u00e9 d\u2019encourager la cr\u00e9ativit\u00e9 et l\u2019innovation chez les artisans en mettant \u00e0 leur disposition les moyens n\u00e9cessaires pour am\u00e9liorer leurs conditions de travail et de vie, de promouvoir la formation et la formation continue, et d\u2019asseoir les bases solides d\u2019une v\u00e9ritable \u00e9conomie sociale et solidaire.<\/p>\n<p class=\"c4\">Et de pr\u00e9ciser que l\u2019Oriental, qui compte quelque 334 coop\u00e9ratives regroupant 2.599 membres, a connu un saut qualitatif en termes d\u2019infrastructures, dans les villes et en milieu rural, d\u00e9di\u00e9es \u00e0 l\u2019artisanat et aux artisans, et ce \u00e0 travers la r\u00e9alisation de plusieurs structures et espaces modernes dans l\u2019ensemble du territoire de la r\u00e9gion, dont des complexes int\u00e9gr\u00e9s, des villages d\u2019artisans et des maisons d\u2019artisans, en plus de centres de formation.<\/p>\n<p><img class=\"wp-image-23542 aligncenter\" data-src=\"http:\/\/www.mapoujda.ma\/map\/uploads\/2020\/10\/Village-dartisan-&#xE0;-Oujda-M750&#xD7;430-MAP.jpg\" alt=\"\" width=\"576\" height=\"330\" srcset=\"http:\/\/www.mapoujda.ma\/map\/uploads\/2020\/10\/Village-dartisan-&#xE0;-Oujda-M750&#xD7;430-MAP.jpg 750w, http:\/\/www.mapoujda.ma\/map\/uploads\/2020\/10\/Village-dartisan-&#xE0;-Oujda-M750&#xD7;430-MAP-300x172.jpg 300w\" sizes=\"(max-width: 576px) 100vw, 576px\"\/><\/p>\n<p class=\"c4\">Evoquant les profondes r\u00e9percussions de la Covid-19 sur le secteur, M. Dlimi a mis en avant notamment la nouvelle strat\u00e9gie 2021-2030 pour la promotion de l\u2019artisanat et les efforts consentis aux niveaux national et r\u00e9gional pour aider les artisans \u00e0 commercialiser leurs produits \u00e0 travers des plateformes num\u00e9riques et \u00e0 se familiariser avec ce moyen de commercialisation si important en cette p\u00e9riode.<\/p>\n<p class=\"c4\">Le pr\u00e9sident de la Chambre r\u00e9gionale d\u2019Artisanat, Driss Boujouala, a indiqu\u00e9, quant \u00e0 lui, que le secteur de l\u2019artisanat est fortement impact\u00e9 par la pand\u00e9mie du nouveau coronavirus qui perdure encore, et les artisans, n\u2019ayant pas pu profiter de la grande dynamique que connait le secteur pendant la p\u00e9riode d\u2019\u00e9t\u00e9, ont subi un coup dur.<\/p>\n<p class=\"c4\">\u00abLes artisans sont les grands perdants de la crise de la Covid-19\u00bb, a-t-il avanc\u00e9, estimant qu\u2019il est temps de donner au secteur de l\u2019artisanat et aux artisans qui souffrent en silence, la place qui leur \u00e9choit, et d\u2019accorder plus d\u2019int\u00e9r\u00eat aux coop\u00e9ratives eu \u00e9gard \u00e0 leur r\u00f4le important dans le d\u00e9veloppement \u00e9conomique et social.<\/p>\n<p class=\"c4\">M. Boujouala a \u00e9galement plaid\u00e9 en faveur d\u2019un renforcement du r\u00f4le des Chambres d\u2019Artisanat et de leurs attributions, et ce dans le cadre de la r\u00e9gionalisation avanc\u00e9e.<\/p>\n<p class=\"c4\">Il est certain que cette situation requiert des actions r\u00e9fl\u00e9chies et concert\u00e9es pour assister et encourager les artisans de la r\u00e9gion et donner un souffle nouveau \u00e0 ce secteur, qui a connu un fort d\u00e9veloppement ces derni\u00e8res ann\u00e9es \u00e0 plusieurs niveaux.<\/p>\n<p>Auteur: Soufiane ELAHMAR<br \/>\n<a href=\"http:\/\/www.mapoujda.ma\/fr\/covid-19-le-secteur-de-lartisanat-en-quete-dun-nouveau-souffle\/\">Cliquez ici pour lire l&rsquo;article depuis sa source.<\/a><\/p>\n","protected":false},"excerpt":{"rendered":"<p>D\u00e9cid\u00e9ment, la pand\u00e9mie du nouveau coronavirus a frapp\u00e9 de plein fouet le secteur de l\u2019artisanat dans l\u2019Oriental et la sortie de crise para\u00eet trop lente, avec la hausse importante du nombre de contaminations dans la r\u00e9gion et les mesures restrictives visant \u00e0 interrompre la cha\u00eene de propagation du virus. R\u00e9confort\u00e9s par les r\u00e9alisations accomplies durant [&hellip;]<\/p>\n","protected":false},"author":1788,"featured_media":102738,"comment_status":"closed","ping_status":"closed","sticky":false,"template":"","format":"standard","meta":{"fifu_image_url":"","fifu_image_alt":"","footnotes":""},"categories":[54,76],"tags":[],"class_list":["post-102737","post","type-post","status-publish","format-standard","has-post-thumbnail","hentry","category-maroc","category-regions"],"_links":{"self":[{"href":"https:\/\/linitiative.ca\/International\/wp-json\/wp\/v2\/posts\/102737","targetHints":{"allow":["GET"]}}],"collection":[{"href":"https:\/\/linitiative.ca\/International\/wp-json\/wp\/v2\/posts"}],"about":[{"href":"https:\/\/linitiative.ca\/International\/wp-json\/wp\/v2\/types\/post"}],"author":[{"embeddable":true,"href":"https:\/\/linitiative.ca\/International\/wp-json\/wp\/v2\/users\/1788"}],"replies":[{"embeddable":true,"href":"https:\/\/linitiative.ca\/International\/wp-json\/wp\/v2\/comments?post=102737"}],"version-history":[{"count":0,"href":"https:\/\/linitiative.ca\/International\/wp-json\/wp\/v2\/posts\/102737\/revisions"}],"wp:featuredmedia":[{"embeddable":true,"href":"https:\/\/linitiative.ca\/International\/wp-json\/"}],"wp:attachment":[{"href":"https:\/\/linitiative.ca\/International\/wp-json\/wp\/v2\/media?parent=102737"}],"wp:term":[{"taxonomy":"category","embeddable":true,"href":"https:\/\/linitiative.ca\/International\/wp-json\/wp\/v2\/categories?post=102737"},{"taxonomy":"post_tag","embeddable":true,"href":"https:\/\/linitiative.ca\/International\/wp-json\/wp\/v2\/tags?post=102737"}],"curies":[{"name":"wp","href":"https:\/\/api.w.org\/{rel}","templated":true}]}}