{"id":102739,"date":"2020-10-24T17:40:01","date_gmt":"2020-10-24T21:40:01","guid":{"rendered":"https:\/\/linitiative.ca\/International\/3-individus-interpelles-pour-organisation-de-lemigration-illegale\/"},"modified":"2020-10-24T17:40:01","modified_gmt":"2020-10-24T21:40:01","slug":"3-individus-interpelles-pour-organisation-de-lemigration-illegale","status":"publish","type":"post","link":"https:\/\/linitiative.ca\/International\/3-individus-interpelles-pour-organisation-de-lemigration-illegale\/","title":{"rendered":"3 individus interpell\u00e9s pour organisation de l\u2019\u00e9migration ill\u00e9gale"},"content":{"rendered":"<div class=\"single-featured\"><img alt=\"\" data-src=\"http:\/\/www.mapoujda.ma\/map\/uploads\/2019\/07\/&#x627;&#x644;&#x645;&#x62F;&#x64A;&#x631;&#x64A;&#x629;-&#x627;&#x644;&#x639;&#x627;&#x645;&#x629;-&#x644;&#x644;&#x623;&#x645;&#x646;-&#x627;&#x644;&#x648;&#x637;&#x646;&#x64A;.jpg\"\/><\/div>\n<div class=\"entry-content clearfix single-post-content\" readability=\"60\">\n<p class=\"c4\">Les \u00e9l\u00e9ments de la police judiciaire de Nador ont interpell\u00e9, samedi, trois individus pour leur implication pr\u00e9sum\u00e9e dans une affaire\u00a0d\u2019escroquerie, d\u2019organisation de l\u2019\u00e9migration ill\u00e9gale et de m\u00e9diation.<\/p>\n<p class=\"c4\">Les suspects,\u00a0\u00e2g\u00e9s entre 26 et 35 ans,\u00a0ont \u00e9t\u00e9 appr\u00e9hend\u00e9s sur la base d\u2019une plainte d\u00e9pos\u00e9e par sept candidats \u00e0 l\u2019immigration clandestine, apr\u00e8s avoir \u00e9t\u00e9 victimes d\u2019escroquerie, sous pr\u00e9texte de les faire immigrer clandestinement vers l\u2019Espagne en contrepartie de 30.000 dirhams pour chaque personne, indique la Direction g\u00e9n\u00e9rale de la s\u00fbret\u00e9 nationale (DGSN) dans un communiqu\u00e9.<\/p>\n<p class=\"c4\">Les perquisitions effectu\u00e9es dans le cadre de cette affaire ont permis la saisie de dix bateaux traditionnels, dont un \u00e9quip\u00e9 d\u2019un moteur, suspect\u00e9s\u00a0d\u2019\u00eatre utilis\u00e9s dans l\u2019organisation des op\u00e9rations de l\u2019\u00e9migration ill\u00e9gale, pr\u00e9cise la DGSN.<\/p>\n<p class=\"c4\">Les mis en cause ont \u00e9t\u00e9 plac\u00e9s en garde \u00e0 vue \u00e0 la disposition de l\u2019enqu\u00eate men\u00e9e sous la supervision du parquet comp\u00e9tent pour identifier les ramifications et liens potentiels de ce r\u00e9seaux criminel et d\u00e9terminer l\u2019ensemble des actes criminels qui leur sont reproch\u00e9s, selon la m\u00eame source.<\/p>\n<\/div>\n<p>Auteur: Soufiane ELAHMAR<br \/>\n<a href=\"http:\/\/www.mapoujda.ma\/fr\/3-individus-interpelles-pour-organisation-de-lemigration-illegale\/\">Cliquez ici pour lire l&rsquo;article depuis sa source.<\/a><\/p>\n","protected":false},"excerpt":{"rendered":"<p>Les \u00e9l\u00e9ments de la police judiciaire de Nador ont interpell\u00e9, samedi, trois individus pour leur implication pr\u00e9sum\u00e9e dans une affaire\u00a0d\u2019escroquerie, d\u2019organisation de l\u2019\u00e9migration ill\u00e9gale et de m\u00e9diation. Les suspects,\u00a0\u00e2g\u00e9s entre 26 et 35 ans,\u00a0ont \u00e9t\u00e9 appr\u00e9hend\u00e9s sur la base d\u2019une plainte d\u00e9pos\u00e9e par sept candidats \u00e0 l\u2019immigration clandestine, apr\u00e8s avoir \u00e9t\u00e9 victimes d\u2019escroquerie, sous pr\u00e9texte [&hellip;]<\/p>\n","protected":false},"author":1788,"featured_media":102740,"comment_status":"closed","ping_status":"closed","sticky":false,"template":"","format":"standard","meta":{"fifu_image_url":"","fifu_image_alt":"","footnotes":""},"categories":[54,76],"tags":[],"class_list":["post-102739","post","type-post","status-publish","format-standard","has-post-thumbnail","hentry","category-maroc","category-regions"],"_links":{"self":[{"href":"https:\/\/linitiative.ca\/International\/wp-json\/wp\/v2\/posts\/102739","targetHints":{"allow":["GET"]}}],"collection":[{"href":"https:\/\/linitiative.ca\/International\/wp-json\/wp\/v2\/posts"}],"about":[{"href":"https:\/\/linitiative.ca\/International\/wp-json\/wp\/v2\/types\/post"}],"author":[{"embeddable":true,"href":"https:\/\/linitiative.ca\/International\/wp-json\/wp\/v2\/users\/1788"}],"replies":[{"embeddable":true,"href":"https:\/\/linitiative.ca\/International\/wp-json\/wp\/v2\/comments?post=102739"}],"version-history":[{"count":0,"href":"https:\/\/linitiative.ca\/International\/wp-json\/wp\/v2\/posts\/102739\/revisions"}],"wp:featuredmedia":[{"embeddable":true,"href":"https:\/\/linitiative.ca\/International\/wp-json\/"}],"wp:attachment":[{"href":"https:\/\/linitiative.ca\/International\/wp-json\/wp\/v2\/media?parent=102739"}],"wp:term":[{"taxonomy":"category","embeddable":true,"href":"https:\/\/linitiative.ca\/International\/wp-json\/wp\/v2\/categories?post=102739"},{"taxonomy":"post_tag","embeddable":true,"href":"https:\/\/linitiative.ca\/International\/wp-json\/wp\/v2\/tags?post=102739"}],"curies":[{"name":"wp","href":"https:\/\/api.w.org\/{rel}","templated":true}]}}