{"id":102746,"date":"2020-10-25T15:13:31","date_gmt":"2020-10-25T19:13:31","guid":{"rendered":"https:\/\/linitiative.ca\/International\/pros-asse-le-feuilleton-boudebouz-serait-definitivement-termine\/"},"modified":"2020-10-25T15:13:31","modified_gmt":"2020-10-25T19:13:31","slug":"pros-asse-le-feuilleton-boudebouz-serait-definitivement-termine","status":"publish","type":"post","link":"https:\/\/linitiative.ca\/International\/pros-asse-le-feuilleton-boudebouz-serait-definitivement-termine\/","title":{"rendered":"Pros : ASSE : Le feuilleton Boudebouz serait d\u00e9finitivement termin\u00e9 !"},"content":{"rendered":"<div readability=\"32\">\n<p>Auteur : <span class=\"time\">dimanche 25 octobre 2020 14:44<\/span><\/p>\n<\/div>\n<div id=\"post_core\" readability=\"43\">\n<p>Ryad Boudebouz est en grande difficult\u00e9 depuis plusieurs semaine \u00e0 l&rsquo;ASSE. En effet, le milieu offensif de 30 ans n&rsquo;entre plus du tout dans les plans de Claude Puel depuis le d\u00e9but de la saison. Pour relancer sa carri\u00e8re, Ryad Boudebouz aurait fait un d\u00e9placement \u00e0 Doha pour rencontrer la direction du Qatar Sports Club. Mais faute d&rsquo;accord entre les deux parties, comme L&rsquo;Equipe l&rsquo;a r\u00e9v\u00e9l\u00e9 ce samedi, l&rsquo;international alg\u00e9rien est rentr\u00e9 bredouille \u00e0 Saint-Etienne. Alors que Ryad Boudebouz devrait rester \u00e0 l&rsquo;ASSE, le Qatar Sports Club aurait d\u00e9cid\u00e9 de se tourner vers l&rsquo;un de ses partenaires en s\u00e9lection : Youcef Belaili. \u00a0Selon les informations de Foot Mercato, Youcef Belaili serait sur le point de s&rsquo;engager en faveur du Qatar Sports Club. Alors que l&rsquo;affaire aurait capot\u00e9 pour Ryad Boudebouz, le club bas\u00e9 \u00e0 Doha se serait rabattu sur l&rsquo;ancien du SCO d&rsquo;Angers. A en croire le m\u00e9dia fran\u00e7ais, Youcef Belaili et le Qatar Sports Club seraient seraient proches de trouver un accord pour un contrat de trois saisons. Il ne resterait plus qu&rsquo;\u00e0 r\u00e9gler\u00a0 \u00ab quelques d\u00e9tails d&rsquo;importance \u00bbrapporte Le 10 Sport.<\/p>\n<p><strong>Publi\u00e9 dans :<\/strong> <span>boudebouz<\/span><\/p>\n<\/div>\n<p>Auteur:<br \/>\n<a href=\"http:\/\/www.lebuteur.com\/article\/detail?titre=asse-le-feuilleton-boudebouz-serait-definitivement-termine&#038;id=97730&#038;utm_source=feedburner&#038;utm_medium=feed&#038;utm_campaign=Feed%3A+GalerieFArtciles+%28Les+derniers+articles++-+lebuteur.com%29\">Cliquez ici pour lire l&rsquo;article depuis sa source.<\/a><\/p>\n","protected":false},"excerpt":{"rendered":"<p>Auteur : dimanche 25 octobre 2020 14:44 Ryad Boudebouz est en grande difficult\u00e9 depuis plusieurs semaine \u00e0 l&rsquo;ASSE. En effet, le milieu offensif de 30 ans n&rsquo;entre plus du tout dans les plans de Claude Puel depuis le d\u00e9but de la saison. Pour relancer sa carri\u00e8re, Ryad Boudebouz aurait fait un d\u00e9placement \u00e0 Doha pour [&hellip;]<\/p>\n","protected":false},"author":1738,"featured_media":102747,"comment_status":"closed","ping_status":"closed","sticky":false,"template":"","format":"standard","meta":{"fifu_image_url":"","fifu_image_alt":"","footnotes":""},"categories":[53,75],"tags":[],"class_list":["post-102746","post","type-post","status-publish","format-standard","has-post-thumbnail","hentry","category-algerie","category-sport"],"_links":{"self":[{"href":"https:\/\/linitiative.ca\/International\/wp-json\/wp\/v2\/posts\/102746","targetHints":{"allow":["GET"]}}],"collection":[{"href":"https:\/\/linitiative.ca\/International\/wp-json\/wp\/v2\/posts"}],"about":[{"href":"https:\/\/linitiative.ca\/International\/wp-json\/wp\/v2\/types\/post"}],"author":[{"embeddable":true,"href":"https:\/\/linitiative.ca\/International\/wp-json\/wp\/v2\/users\/1738"}],"replies":[{"embeddable":true,"href":"https:\/\/linitiative.ca\/International\/wp-json\/wp\/v2\/comments?post=102746"}],"version-history":[{"count":0,"href":"https:\/\/linitiative.ca\/International\/wp-json\/wp\/v2\/posts\/102746\/revisions"}],"wp:featuredmedia":[{"embeddable":true,"href":"https:\/\/linitiative.ca\/International\/wp-json\/"}],"wp:attachment":[{"href":"https:\/\/linitiative.ca\/International\/wp-json\/wp\/v2\/media?parent=102746"}],"wp:term":[{"taxonomy":"category","embeddable":true,"href":"https:\/\/linitiative.ca\/International\/wp-json\/wp\/v2\/categories?post=102746"},{"taxonomy":"post_tag","embeddable":true,"href":"https:\/\/linitiative.ca\/International\/wp-json\/wp\/v2\/tags?post=102746"}],"curies":[{"name":"wp","href":"https:\/\/api.w.org\/{rel}","templated":true}]}}