{"id":102758,"date":"2020-10-25T11:42:00","date_gmt":"2020-10-25T15:42:00","guid":{"rendered":"https:\/\/linitiative.ca\/International\/adrar-un-an-de-prison-pour-vol-de-portable\/"},"modified":"2020-10-25T11:42:00","modified_gmt":"2020-10-25T15:42:00","slug":"adrar-un-an-de-prison-pour-vol-de-portable","status":"publish","type":"post","link":"https:\/\/linitiative.ca\/International\/adrar-un-an-de-prison-pour-vol-de-portable\/","title":{"rendered":"ADRAR : Un an de prison pour vol de portable"},"content":{"rendered":"<p><br id=\"sep_para_1\" class=\"sep_para access\"\/><\/p>\n<div id=\"para_1\" class=\"para_39179411 resize\">\n<div class=\"texte access firstletter\">Le tribunal d\u2019Adrar vient de condamner un individu \u00e0 la peine d\u2019un an de prison assortie d&rsquo;une amende de 100 000 DA lors d&rsquo;une comparution directe. Selon le communiqu\u00e9 de presse de la cellule de communication et des relations g\u00e9n\u00e9rales de la s\u00fbret\u00e9 d\u2019Adrar, le mis en cause dans cette affaire aurait guett\u00e9 sa victime \u00e0 la sortie d\u2019un bureau de tabac pour lui arracher son t\u00e9l\u00e9phone portable et prendre la fuite. Le signalement fourni par la victime a permis d&rsquo;arr\u00eater l&rsquo;auteur de ce m\u00e9fait par les \u00e9l\u00e9ments de la 4\u00e8me s\u00fbret\u00e9 urbaine d\u2019Adrar.\u00a0\u00a0\u00a0<\/div>\n<\/div>\n<p>Auteur: Ahmed Messaoud<br \/>\n<a href=\"https:\/\/www.reflexiondz.net\/ADRAR-Un-an-de-prison-pour-vol-de-portable_a65992.html\">Cliquez ici pour lire l&rsquo;article depuis sa source.<\/a><\/p>\n","protected":false},"excerpt":{"rendered":"<p>Le tribunal d\u2019Adrar vient de condamner un individu \u00e0 la peine d\u2019un an de prison assortie d&rsquo;une amende de 100 000 DA lors d&rsquo;une comparution directe. Selon le communiqu\u00e9 de presse de la cellule de communication et des relations g\u00e9n\u00e9rales de la s\u00fbret\u00e9 d\u2019Adrar, le mis en cause dans cette affaire aurait guett\u00e9 sa victime [&hellip;]<\/p>\n","protected":false},"author":1740,"featured_media":0,"comment_status":"closed","ping_status":"closed","sticky":false,"template":"","format":"standard","meta":{"fifu_image_url":"","fifu_image_alt":"","footnotes":""},"categories":[53,76],"tags":[],"class_list":["post-102758","post","type-post","status-publish","format-standard","hentry","category-algerie","category-regions"],"_links":{"self":[{"href":"https:\/\/linitiative.ca\/International\/wp-json\/wp\/v2\/posts\/102758","targetHints":{"allow":["GET"]}}],"collection":[{"href":"https:\/\/linitiative.ca\/International\/wp-json\/wp\/v2\/posts"}],"about":[{"href":"https:\/\/linitiative.ca\/International\/wp-json\/wp\/v2\/types\/post"}],"author":[{"embeddable":true,"href":"https:\/\/linitiative.ca\/International\/wp-json\/wp\/v2\/users\/1740"}],"replies":[{"embeddable":true,"href":"https:\/\/linitiative.ca\/International\/wp-json\/wp\/v2\/comments?post=102758"}],"version-history":[{"count":0,"href":"https:\/\/linitiative.ca\/International\/wp-json\/wp\/v2\/posts\/102758\/revisions"}],"wp:attachment":[{"href":"https:\/\/linitiative.ca\/International\/wp-json\/wp\/v2\/media?parent=102758"}],"wp:term":[{"taxonomy":"category","embeddable":true,"href":"https:\/\/linitiative.ca\/International\/wp-json\/wp\/v2\/categories?post=102758"},{"taxonomy":"post_tag","embeddable":true,"href":"https:\/\/linitiative.ca\/International\/wp-json\/wp\/v2\/tags?post=102758"}],"curies":[{"name":"wp","href":"https:\/\/api.w.org\/{rel}","templated":true}]}}