{"id":102774,"date":"2020-10-25T12:25:33","date_gmt":"2020-10-25T16:25:33","guid":{"rendered":"https:\/\/linitiative.ca\/International\/abderrazak-afilal-fondateur-de-lugtm-nest-plus\/"},"modified":"2020-10-25T12:25:33","modified_gmt":"2020-10-25T16:25:33","slug":"abderrazak-afilal-fondateur-de-lugtm-nest-plus","status":"publish","type":"post","link":"https:\/\/linitiative.ca\/International\/abderrazak-afilal-fondateur-de-lugtm-nest-plus\/","title":{"rendered":"Abderrazak Afilal, fondateur de l\u2019UGTM, n\u2019est plus"},"content":{"rendered":"<p><strong>Le fondateur de la centrale syndicale l\u2019Union g\u00e9n\u00e9rale des travailleurs du Maroc (UGTM) est mort ce dimanche 25 octobre 2020 des suites d\u2019une longue maladie, a annonc\u00e9 le syndicat.<\/strong> <strong>Il \u00e9tait \u00e2g\u00e9 de 97 ans.<\/strong><\/p>\n<div class=\"c10\"\/>\n<p>Abderrazak Afilal Alami Idrissi a accumul\u00e9 les mandats (dont celui de secr\u00e9taire g\u00e9n\u00e9ral) au sein de l\u2019UGTM depuis sa cr\u00e9ation en 1960, et ce jusqu\u2019en 2006, soit 44 ans. Il y fut notamment son secr\u00e9taire g\u00e9n\u00e9ral en 1964. Le syndicaliste a \u00e9galement \u00e9t\u00e9 membre fondateur de l\u2019Union nationale des \u00e9tudiants du Maroc (UNEM) et de la ligue marocaine des droits de l\u2019homme, en plus d\u2019\u00eatre membre ex\u00e9cutif et pr\u00e9sident du groupe parlementaire du Parti de l\u2019Istiqlal.<\/p>\n<p><strong>Lire aussi | <a href=\"https:\/\/www.challenge.ma\/budget-2021-le-detail-des-investissements-dans-les-regions-162725\/\" target=\"_blank\" rel=\"noreferrer noopener\">Budget 2021 : le d\u00e9tail des investissements dans les r\u00e9gions<\/a><\/strong><\/p>\n<p>De 1977 \u00e0 1992, puis de de 1997 \u00e0 2002, il a \u00e9t\u00e9 pr\u00e9sident de la commune de A\u00efn Seba\u00e2. Abderrazak\u00a0Afilal a aussi \u00e9t\u00e9 membre du Conseil consultatif des droits de l\u2019homme (CCDH). Il laisse derri\u00e8re lui 5 enfants.<\/p>\n<p><iframe loading=\"lazy\" width=\"547\" height=\"410\" src=\"https:\/\/www.youtube.com\/embed\/4P0gLQhx4sY\" frameborder=\"0\" allow=\"accelerometer; autoplay; clipboard-write; encrypted-media; gyroscope; picture-in-picture\" allowfullscreen=\"\">[embedded content]<\/iframe><\/p>\n<p>Auteur: challenge<br \/>\n<a href=\"https:\/\/www.challenge.ma\/abderrazak-afilal-fondateur-de-lugtm-nest-plus-162733\/\">Cliquez ici pour lire l&rsquo;article depuis sa source.<\/a><\/p>\n","protected":false},"excerpt":{"rendered":"<p>Le fondateur de la centrale syndicale l\u2019Union g\u00e9n\u00e9rale des travailleurs du Maroc (UGTM) est mort ce dimanche 25 octobre 2020 des suites d\u2019une longue maladie, a annonc\u00e9 le syndicat. Il \u00e9tait \u00e2g\u00e9 de 97 ans. Abderrazak Afilal Alami Idrissi a accumul\u00e9 les mandats (dont celui de secr\u00e9taire g\u00e9n\u00e9ral) au sein de l\u2019UGTM depuis sa cr\u00e9ation [&hellip;]<\/p>\n","protected":false},"author":1787,"featured_media":0,"comment_status":"closed","ping_status":"closed","sticky":false,"template":"","format":"standard","meta":{"fifu_image_url":"","fifu_image_alt":"","footnotes":""},"categories":[78,54],"tags":[],"class_list":["post-102774","post","type-post","status-publish","format-standard","hentry","category-economie","category-maroc"],"_links":{"self":[{"href":"https:\/\/linitiative.ca\/International\/wp-json\/wp\/v2\/posts\/102774","targetHints":{"allow":["GET"]}}],"collection":[{"href":"https:\/\/linitiative.ca\/International\/wp-json\/wp\/v2\/posts"}],"about":[{"href":"https:\/\/linitiative.ca\/International\/wp-json\/wp\/v2\/types\/post"}],"author":[{"embeddable":true,"href":"https:\/\/linitiative.ca\/International\/wp-json\/wp\/v2\/users\/1787"}],"replies":[{"embeddable":true,"href":"https:\/\/linitiative.ca\/International\/wp-json\/wp\/v2\/comments?post=102774"}],"version-history":[{"count":0,"href":"https:\/\/linitiative.ca\/International\/wp-json\/wp\/v2\/posts\/102774\/revisions"}],"wp:attachment":[{"href":"https:\/\/linitiative.ca\/International\/wp-json\/wp\/v2\/media?parent=102774"}],"wp:term":[{"taxonomy":"category","embeddable":true,"href":"https:\/\/linitiative.ca\/International\/wp-json\/wp\/v2\/categories?post=102774"},{"taxonomy":"post_tag","embeddable":true,"href":"https:\/\/linitiative.ca\/International\/wp-json\/wp\/v2\/tags?post=102774"}],"curies":[{"name":"wp","href":"https:\/\/api.w.org\/{rel}","templated":true}]}}