{"id":102775,"date":"2020-10-25T17:02:11","date_gmt":"2020-10-25T21:02:11","guid":{"rendered":"https:\/\/linitiative.ca\/International\/le-maroc-condamne-la-poursuite-de-la-publication-des-caricatures-outrageuses-a-lislam-et-au-prophete-sidna-mohammed-communique\/"},"modified":"2020-10-25T17:02:11","modified_gmt":"2020-10-25T21:02:11","slug":"le-maroc-condamne-la-poursuite-de-la-publication-des-caricatures-outrageuses-a-lislam-et-au-prophete-sidna-mohammed-communique","status":"publish","type":"post","link":"https:\/\/linitiative.ca\/International\/le-maroc-condamne-la-poursuite-de-la-publication-des-caricatures-outrageuses-a-lislam-et-au-prophete-sidna-mohammed-communique\/","title":{"rendered":"Le Maroc condamne la poursuite de la publication des caricatures outrageuses \u00e0 l\u2019Islam et au Proph\u00e8te Sidna Mohammed [Communiqu\u00e9]"},"content":{"rendered":"<p><strong>Le Maroc condamne vigoureusement la poursuite de la publication des caricatures outrageuses \u00e0 l\u2019Islam et au Proph\u00e8te Sidna Mohammed.<\/strong><\/p>\n<div class=\"c10\"\/>\n<p>Un communiqu\u00e9 du minist\u00e8re des Affaires \u00e9trang\u00e8res, de la Coop\u00e9ration africaine et des Marocains r\u00e9sidant \u00e0 l\u2019\u00e9tranger indique que le Royaume du Maroc d\u00e9nonce ces actes qui refl\u00e8tent l\u2019immaturit\u00e9 de leurs auteurs, et r\u00e9affirme que la libert\u00e9 des uns s\u2019arr\u00eate l\u00e0 o\u00f9 commencent la libert\u00e9 et les croyances des autres.<\/p>\n<p><strong>Lire aussi | <a href=\"https:\/\/www.challenge.ma\/le-blaspheme-dans-le-monde-droit-ou-delit-162694\/\">Le blasph\u00e8me dans le monde : droit ou d\u00e9lit ?<\/a><\/strong><\/p>\n<p>La libert\u00e9 d\u2019expression ne saurait, sous aucun motif, justifier la provocation insultante et l\u2019offense injurieuse de la religion musulmane qui compte plus de deux milliards de fid\u00e8les dans le monde.<\/p>\n<p>Autant qu\u2019il condamne toutes les violences obscurantistes et barbares pr\u00e9tendument perp\u00e9tr\u00e9es au nom de l\u2019Islam, le Royaume du Maroc s\u2019\u00e9l\u00e8ve contre ces provocations injurieuses des sacralit\u00e9s de la religion musulmane.<\/p>\n<p><strong>Lire aussi | <a href=\"https:\/\/www.challenge.ma\/caricatures-du-prophete-mohammed-un-boycott-des-produits-francais-lance-dans-plusieurs-pays-arabes-162703\/\">Caricatures du Proph\u00e8te Mohammed : un boycott des produits fran\u00e7ais lanc\u00e9 dans plusieurs pays arabes<\/a><\/strong><\/p>\n<p>Le Royaume du Maroc, \u00e0 l\u2019instar des autres pays arabes et musulmans, appelle \u00e0 cesser d\u2019attiser le ressentiment et \u00e0 faire preuve de discernement et de respect de l\u2019alt\u00e9rit\u00e9, comme pr\u00e9requis du vivre-ensemble et du dialogue serein et salutaire des religions, conclut le communiqu\u00e9.<\/p>\n<p>[ Avec MAP ]<\/p>\n<p>Auteur: challenge<br \/>\n<a href=\"https:\/\/www.challenge.ma\/le-maroc-condamne-la-poursuite-de-la-publication-des-caricatures-outrageuses-a-lislam-et-au-prophete-sidna-mohammed-communique-162766\/\">Cliquez ici pour lire l&rsquo;article depuis sa source.<\/a><\/p>\n","protected":false},"excerpt":{"rendered":"<p>Le Maroc condamne vigoureusement la poursuite de la publication des caricatures outrageuses \u00e0 l\u2019Islam et au Proph\u00e8te Sidna Mohammed. Un communiqu\u00e9 du minist\u00e8re des Affaires \u00e9trang\u00e8res, de la Coop\u00e9ration africaine et des Marocains r\u00e9sidant \u00e0 l\u2019\u00e9tranger indique que le Royaume du Maroc d\u00e9nonce ces actes qui refl\u00e8tent l\u2019immaturit\u00e9 de leurs auteurs, et r\u00e9affirme que la [&hellip;]<\/p>\n","protected":false},"author":1787,"featured_media":0,"comment_status":"closed","ping_status":"closed","sticky":false,"template":"","format":"standard","meta":{"fifu_image_url":"","fifu_image_alt":"","footnotes":""},"categories":[78,54],"tags":[],"class_list":["post-102775","post","type-post","status-publish","format-standard","hentry","category-economie","category-maroc"],"_links":{"self":[{"href":"https:\/\/linitiative.ca\/International\/wp-json\/wp\/v2\/posts\/102775","targetHints":{"allow":["GET"]}}],"collection":[{"href":"https:\/\/linitiative.ca\/International\/wp-json\/wp\/v2\/posts"}],"about":[{"href":"https:\/\/linitiative.ca\/International\/wp-json\/wp\/v2\/types\/post"}],"author":[{"embeddable":true,"href":"https:\/\/linitiative.ca\/International\/wp-json\/wp\/v2\/users\/1787"}],"replies":[{"embeddable":true,"href":"https:\/\/linitiative.ca\/International\/wp-json\/wp\/v2\/comments?post=102775"}],"version-history":[{"count":0,"href":"https:\/\/linitiative.ca\/International\/wp-json\/wp\/v2\/posts\/102775\/revisions"}],"wp:attachment":[{"href":"https:\/\/linitiative.ca\/International\/wp-json\/wp\/v2\/media?parent=102775"}],"wp:term":[{"taxonomy":"category","embeddable":true,"href":"https:\/\/linitiative.ca\/International\/wp-json\/wp\/v2\/categories?post=102775"},{"taxonomy":"post_tag","embeddable":true,"href":"https:\/\/linitiative.ca\/International\/wp-json\/wp\/v2\/tags?post=102775"}],"curies":[{"name":"wp","href":"https:\/\/api.w.org\/{rel}","templated":true}]}}