{"id":102778,"date":"2020-10-25T16:54:20","date_gmt":"2020-10-25T20:54:20","guid":{"rendered":"https:\/\/linitiative.ca\/International\/tunisie-comment-la-presidence-du-gouvernement-peut-elle-se-payer-un-week-end-de-repos\/"},"modified":"2020-10-25T16:54:20","modified_gmt":"2020-10-25T20:54:20","slug":"tunisie-comment-la-presidence-du-gouvernement-peut-elle-se-payer-un-week-end-de-repos","status":"publish","type":"post","link":"https:\/\/linitiative.ca\/International\/tunisie-comment-la-presidence-du-gouvernement-peut-elle-se-payer-un-week-end-de-repos\/","title":{"rendered":"Tunisie \u2013 Comment la pr\u00e9sidence du gouvernement peut-elle se payer un week end de repos\u00a0?"},"content":{"rendered":"<div class=\"post-cont-in left relative\">\n<div id=\"post-info-wrap\" class=\"left relative post-info-out\">\n<div class=\"post-info-img left relative\"><img loading=\"lazy\" decoding=\"async\" alt=\"\" src=\"https:\/\/secure.gravatar.com\/avatar\/96253f4a657b482a18e837c1252096c2?s=50&amp;d=mm&amp;r=g\" srcset=\"https:\/\/secure.gravatar.com\/avatar\/96253f4a657b482a18e837c1252096c2?s=100&amp;d=mm&amp;r=g 2x\" class=\"avatar avatar-50 photo\" height=\"50\" width=\"50\"\/><\/div>\n<div class=\"post-info-in\">\n<div class=\"post-info-right left relative post-info-name left relative\"><span itemprop=\"author\" itemscope=\"\" itemtype=\"https:\/\/schema.org\/Person\"><span class=\"post-info-text\">Par<\/span> <span class=\"author-name vcard fn author\" itemprop=\"name\"><a href=\"https:\/\/www.tunisienumerique.com\/author\/saber\/\" title=\"Articles par Saber .\" rel=\"author\">Saber .<\/a><\/span><\/span> <span class=\"post-date updated\"><time class=\"post-date updated\" itemprop=\"datePublished\" datetime=\"2020-10-25\">\u00a0| Il y a 1 minute<\/time><\/span><\/div>\n<div class=\"left relative\"><button id=\"listenButton1\" class=\"responsivevoice-button\" type=\"button\" value=\"Play\" title=\"&#xC9;coutez l'article\"><span>\ud83d\udd0a \u00c9coutez l&rsquo;article<\/span><\/button> <\/div>\n<\/div>\n<\/div>\n<p>S\u2019il y a eu quelque chose de sp\u00e9cial, ce week end, par rapport \u00e0 l\u2019activit\u00e9 du gouvernement et de sa pr\u00e9sidence, c\u2019est, justement, l\u2019absence de toute activit\u00e9.<\/p>\n<div class=\"code-block code-block-1 c4\"><ins class=\"adsbygoogle c3\" data-ad-layout=\"in-article\" data-ad-format=\"fluid\" data-ad-client=\"ca-pub-2102118777505746\" data-ad-slot=\"7301775417\"\/> <\/div>\n<p>En effet, le chef du gouvernement, ainsi que beaucoup de ses ministres, d\u2019ailleurs, s\u2019est permis un week end de repos. Deux jours entiers \u00e0 ne rien faire, \u00e0 ne penser \u00e0 rien, \u00e0 ne se pr\u00e9occuper de rien, \u00e0 savourer le farniente. Deux jours d\u2019absence totale de la sc\u00e8ne nationale, en pleine p\u00e9riode de crise sanitaire. En pleine p\u00e9riode o\u00f9 les tunisiens meurent par dizaines, chaque jour\u2026 En pleine p\u00e9riode o\u00f9 les tunisiens sont affol\u00e9s, et ne savent plus \u00e0 quel saint se vouer\u2026 En pleine p\u00e9riode o\u00f9 les m\u00e9decins et les soignants se font agresser en toute impunit\u00e9, sans aucune r\u00e9action des autorit\u00e9s, et pour cause\u2026<\/p>\n<p>S\u2019il n\u2019y avait pas eu les interventions des forces de l\u2019ordre, par ci, par l\u00e0, ou les m\u00e9decins qui soignaient, ou du moins, essayaient de soigner, les gens durant le week end\u2026 S\u2019il n\u2019y avait pas eu les quelques interventions de la protection civile\u2026 On aurait cru que l\u2019Etat entier \u00e9tait en gr\u00e8ve. Car il n\u2019y a qu\u2019une gr\u00e8ve qui peut expliquer cette absence, puisqu\u2019il est inconcevable qu\u2019en p\u00e9riode critique, ceux qui gouvernent se permettent deux jours de repos.<\/p>\n<p>Et, pour preuve de ces deux jours de rel\u00e2che, il n\u2019y a qu\u2019\u00e0 consulter <a href=\"https:\/\/www.facebook.com\/Presidencedugouvernementtunisien\/\">la page facebook de la pr\u00e9sidence du gouvernement<\/a>, sur laquelle, la derni\u00e8re activit\u00e9 qui s\u2019affiche est celle de la visite \u00ab\u00a0inopin\u00e9e\u00a0\u00bb du chef du gouvernement au si\u00e8ge du minist\u00e8re de l\u2019int\u00e9rieur, vendredi soir.<\/p>\n<p>Du coup, on comprend mieux le sens de cette visite, au cours de laquelle il a demand\u00e9 aux cadres s\u00e9curitaires de rester fid\u00e8les au poste et de ne pas prendre de cong\u00e9, ni m\u00eame y penser. Ne dirait-on pas que Mechichi les chargeait de garder l\u2019\u0153il sur le pays le temps qu\u2019il se repose lui et ses ministres\u00a0?<\/p>\n<p>A ce rythme, on n\u2019est, apparemment, pas sorti de l\u2019auberge\u00a0!<\/p>\n<div class=\"swp_social_panel swp_horizontal_panel swp_flat_fresh swp_default_full_color swp_individual_full_color swp_other_full_color scale-100 scale-\" data-min-width=\"1100\" data-float-color=\"#ffffff\" data-float=\"bottom\" data-float-mobile=\"bottom\" data-transition=\"slide\">\n<div class=\"nc_tweetContainer swp_share_button total_shares total_sharesalt\"><span class=\"swp_count\">1 <span class=\"swp_label\">Partages<\/span><\/span><\/div>\n<\/div>\n<p><strong>Que se passe-t-il en Tunisie?<\/strong><br \/>Nous expliquons sur notre <a href=\"https:\/\/www.youtube.com\/channel\/UCRzypVq0B_yBad5eGrwBx0Q?sub_confirmation=1\" target=\"_blank\" rel=\"noopener noreferrer\">cha\u00eene YouTube<\/a> . <a href=\"https:\/\/www.youtube.com\/channel\/UCRzypVq0B_yBad5eGrwBx0Q?sub_confirmation=1\" target=\"_blank\" rel=\"noopener noreferrer\">Abonnez-vous!<\/a><\/p>\n<div class=\"mvp-org-wrap mvp-org-logo\" itemprop=\"publisher\" itemscope=\"\" itemtype=\"https:\/\/schema.org\/Organization\"><img decoding=\"async\" src=\"https:\/\/www.tunisienumerique.com\/wp-content\/uploads\/2017\/02\/logo_tunisie_numerique.png\"\/><\/div>\n<div class=\"mvp-related-posts left relative\">\n<h4 class=\"post-header\"><span class=\"post-header\">Lire aussi<\/span><\/h4>\n<\/div>\n<div id=\"article-ad\"><ins class=\"adsbygoogle c5\" data-ad-client=\"ca-pub-2102118777505746\" data-ad-slot=\"6513972734\" data-ad-format=\"auto\" data-full-width-responsive=\"true\"\/> <\/div>\n<\/div>\n<div id=\"post-sidebar-wrap\"><ins class=\"adsbygoogle c5\" data-ad-client=\"ca-pub-2102118777505746\" data-ad-slot=\"6168283410\" data-ad-format=\"auto\" data-full-width-responsive=\"true\"\/> <\/div>\n<p>Auteur: Saber .<br \/>\n<a href=\"https:\/\/www.tunisienumerique.com\/tunisie-comment-la-presidence-du-gouvernement-peut-elle-se-payer-un-week-end-de-repos\/\">Cliquez ici pour lire l&rsquo;article depuis sa source.<\/a><\/p>\n","protected":false},"excerpt":{"rendered":"<p>Par Saber . \u00a0| Il y a 1 minute \ud83d\udd0a \u00c9coutez l&rsquo;article S\u2019il y a eu quelque chose de sp\u00e9cial, ce week end, par rapport \u00e0 l\u2019activit\u00e9 du gouvernement et de sa pr\u00e9sidence, c\u2019est, justement, l\u2019absence de toute activit\u00e9. En effet, le chef du gouvernement, ainsi que beaucoup de ses ministres, d\u2019ailleurs, s\u2019est permis un [&hellip;]<\/p>\n","protected":false},"author":1789,"featured_media":0,"comment_status":"closed","ping_status":"closed","sticky":false,"template":"","format":"standard","meta":{"fifu_image_url":"","fifu_image_alt":"","footnotes":""},"categories":[73,55],"tags":[],"class_list":["post-102778","post","type-post","status-publish","format-standard","hentry","category-actualite","category-tunisie"],"_links":{"self":[{"href":"https:\/\/linitiative.ca\/International\/wp-json\/wp\/v2\/posts\/102778","targetHints":{"allow":["GET"]}}],"collection":[{"href":"https:\/\/linitiative.ca\/International\/wp-json\/wp\/v2\/posts"}],"about":[{"href":"https:\/\/linitiative.ca\/International\/wp-json\/wp\/v2\/types\/post"}],"author":[{"embeddable":true,"href":"https:\/\/linitiative.ca\/International\/wp-json\/wp\/v2\/users\/1789"}],"replies":[{"embeddable":true,"href":"https:\/\/linitiative.ca\/International\/wp-json\/wp\/v2\/comments?post=102778"}],"version-history":[{"count":0,"href":"https:\/\/linitiative.ca\/International\/wp-json\/wp\/v2\/posts\/102778\/revisions"}],"wp:attachment":[{"href":"https:\/\/linitiative.ca\/International\/wp-json\/wp\/v2\/media?parent=102778"}],"wp:term":[{"taxonomy":"category","embeddable":true,"href":"https:\/\/linitiative.ca\/International\/wp-json\/wp\/v2\/categories?post=102778"},{"taxonomy":"post_tag","embeddable":true,"href":"https:\/\/linitiative.ca\/International\/wp-json\/wp\/v2\/tags?post=102778"}],"curies":[{"name":"wp","href":"https:\/\/api.w.org\/{rel}","templated":true}]}}