{"id":102780,"date":"2020-10-25T17:10:56","date_gmt":"2020-10-25T21:10:56","guid":{"rendered":"https:\/\/linitiative.ca\/International\/tunisie-le-torchon-brule-entre-la-ftf-et-yassine-ayari\/"},"modified":"2020-10-25T17:10:56","modified_gmt":"2020-10-25T21:10:56","slug":"tunisie-le-torchon-brule-entre-la-ftf-et-yassine-ayari","status":"publish","type":"post","link":"https:\/\/linitiative.ca\/International\/tunisie-le-torchon-brule-entre-la-ftf-et-yassine-ayari\/","title":{"rendered":"Tunisie : Le torchon br\u00fble entre la FTF et Yassine Ayari"},"content":{"rendered":"<div class=\"post-cont-in left relative\">\n<div id=\"post-info-wrap\" class=\"left relative post-info-out\">\n<div class=\"post-info-img left relative\"><img loading=\"lazy\" decoding=\"async\" alt=\"\" src=\"https:\/\/secure.gravatar.com\/avatar\/?s=50&amp;d=mm&amp;r=g\" srcset=\"https:\/\/secure.gravatar.com\/avatar\/?s=100&amp;d=mm&amp;r=g 2x\" class=\"avatar avatar-50 photo avatar-default\" height=\"50\" width=\"50\"\/><\/div>\n<div class=\"post-info-in\">\n<div class=\"post-info-right left relative post-info-name left relative\"><span itemprop=\"author\" itemscope=\"\" itemtype=\"https:\/\/schema.org\/Person\"><span class=\"post-info-text\">Par<\/span><\/span> <span class=\"post-date updated\"><time class=\"post-date updated\" itemprop=\"datePublished\" datetime=\"2020-10-25\">\u00a0| Il y a 1 minute<\/time><\/span><\/div>\n<div class=\"left relative\"><button id=\"listenButton1\" class=\"responsivevoice-button\" type=\"button\" value=\"Play\" title=\"&#xC9;coutez l'article\"><span>\ud83d\udd0a \u00c9coutez l&rsquo;article<\/span><\/button> <\/div>\n<\/div>\n<\/div>\n<p dir=\"ltr\">La F\u00e9d\u00e9ration Tunisienne de Football a indiqu\u00e9 aujourd\u2019hui qu\u2019elle va suivre en justice plainte le d\u00e9put\u00e9 Yassine Ayari.<\/p>\n<div class=\"code-block code-block-1 c4\"><ins class=\"adsbygoogle c3\" data-ad-layout=\"in-article\" data-ad-format=\"fluid\" data-ad-client=\"ca-pub-2102118777505746\" data-ad-slot=\"7301775417\"\/> <\/div>\n<p dir=\"ltr\">La FTF a pr\u00e9cis\u00e9 qui cette d\u00e9cision fait fait suite \u00e0 plusieurs interviews et des publications de ce dernier sur les r\u00e9seaux sociaux contre la F\u00e9d\u00e9ration Tunisienne de Football et son pr\u00e9sident Wadii Jarii.<\/p>\n<p dir=\"ltr\">Depuis l\u2019affaire de l\u2019exclusion du CS Chebba, Yassine Ayari a \u00e9t\u00e9 l\u2019une des personnalit\u00e9s qui avait le plus critiqu\u00e9 les pratiques de la F\u00e9d\u00e9ration Tunisienne de Football se basant notamment sur le rapport du Contr\u00f4le G\u00e9n\u00e9ral des Finances.<\/p>\n<p dir=\"ltr\">En r\u00e9pondant \u00e0 la FTF, Ayari a indiqu\u00e9 dans un post sur Facebook qu\u2019il est pr\u00eat pour l\u2019affrontement, qui se jouera cette fois-ci dans son terrain, celui de la justice, et non pas sur le terrain sportif.<\/p>\n<p dir=\"ltr\">Le d\u00e9put\u00e9, tr\u00e8s confiant, indique qu\u2019il gagnera la confrontation devant la justice.<\/p>\n<div class=\"swp_social_panel swp_horizontal_panel swp_flat_fresh swp_default_full_color swp_individual_full_color swp_other_full_color scale-100 scale-\" data-min-width=\"1100\" data-float-color=\"#ffffff\" data-float=\"bottom\" data-float-mobile=\"bottom\" data-transition=\"slide\">\n<div class=\"nc_tweetContainer swp_share_button total_shares total_sharesalt\"><span class=\"swp_count\">0 <span class=\"swp_label\">Partages<\/span><\/span><\/div>\n<\/div>\n<p><strong>Que se passe-t-il en Tunisie?<\/strong><br \/>Nous expliquons sur notre <a href=\"https:\/\/www.youtube.com\/channel\/UCRzypVq0B_yBad5eGrwBx0Q?sub_confirmation=1\" target=\"_blank\" rel=\"noopener noreferrer\">cha\u00eene YouTube<\/a> . <a href=\"https:\/\/www.youtube.com\/channel\/UCRzypVq0B_yBad5eGrwBx0Q?sub_confirmation=1\" target=\"_blank\" rel=\"noopener noreferrer\">Abonnez-vous!<\/a><\/p>\n<div class=\"mvp-org-wrap mvp-org-logo\" itemprop=\"publisher\" itemscope=\"\" itemtype=\"https:\/\/schema.org\/Organization\"><img decoding=\"async\" src=\"https:\/\/www.tunisienumerique.com\/wp-content\/uploads\/2017\/02\/logo_tunisie_numerique.png\"\/><\/div>\n<div class=\"mvp-related-posts left relative\">\n<h4 class=\"post-header\"><span class=\"post-header\">Lire aussi<\/span><\/h4>\n<\/div>\n<div id=\"article-ad\"><ins class=\"adsbygoogle c5\" data-ad-client=\"ca-pub-2102118777505746\" data-ad-slot=\"6513972734\" data-ad-format=\"auto\" data-full-width-responsive=\"true\"\/> <\/div>\n<\/div>\n<div id=\"post-sidebar-wrap\"><ins class=\"adsbygoogle c5\" data-ad-client=\"ca-pub-2102118777505746\" data-ad-slot=\"6168283410\" data-ad-format=\"auto\" data-full-width-responsive=\"true\"\/> <\/div>\n<p>Auteur:<br \/>\n<a href=\"https:\/\/www.tunisienumerique.com\/tunisie-le-torchon-brule-entre-la-ftf-et-yassine-ayari\/\">Cliquez ici pour lire l&rsquo;article depuis sa source.<\/a><\/p>\n","protected":false},"excerpt":{"rendered":"<p>Par \u00a0| Il y a 1 minute \ud83d\udd0a \u00c9coutez l&rsquo;article La F\u00e9d\u00e9ration Tunisienne de Football a indiqu\u00e9 aujourd\u2019hui qu\u2019elle va suivre en justice plainte le d\u00e9put\u00e9 Yassine Ayari. La FTF a pr\u00e9cis\u00e9 qui cette d\u00e9cision fait fait suite \u00e0 plusieurs interviews et des publications de ce dernier sur les r\u00e9seaux sociaux contre la F\u00e9d\u00e9ration Tunisienne [&hellip;]<\/p>\n","protected":false},"author":1789,"featured_media":0,"comment_status":"closed","ping_status":"closed","sticky":false,"template":"","format":"standard","meta":{"fifu_image_url":"","fifu_image_alt":"","footnotes":""},"categories":[73,55],"tags":[],"class_list":["post-102780","post","type-post","status-publish","format-standard","hentry","category-actualite","category-tunisie"],"_links":{"self":[{"href":"https:\/\/linitiative.ca\/International\/wp-json\/wp\/v2\/posts\/102780","targetHints":{"allow":["GET"]}}],"collection":[{"href":"https:\/\/linitiative.ca\/International\/wp-json\/wp\/v2\/posts"}],"about":[{"href":"https:\/\/linitiative.ca\/International\/wp-json\/wp\/v2\/types\/post"}],"author":[{"embeddable":true,"href":"https:\/\/linitiative.ca\/International\/wp-json\/wp\/v2\/users\/1789"}],"replies":[{"embeddable":true,"href":"https:\/\/linitiative.ca\/International\/wp-json\/wp\/v2\/comments?post=102780"}],"version-history":[{"count":0,"href":"https:\/\/linitiative.ca\/International\/wp-json\/wp\/v2\/posts\/102780\/revisions"}],"wp:attachment":[{"href":"https:\/\/linitiative.ca\/International\/wp-json\/wp\/v2\/media?parent=102780"}],"wp:term":[{"taxonomy":"category","embeddable":true,"href":"https:\/\/linitiative.ca\/International\/wp-json\/wp\/v2\/categories?post=102780"},{"taxonomy":"post_tag","embeddable":true,"href":"https:\/\/linitiative.ca\/International\/wp-json\/wp\/v2\/tags?post=102780"}],"curies":[{"name":"wp","href":"https:\/\/api.w.org\/{rel}","templated":true}]}}