{"id":102791,"date":"2020-10-26T09:51:19","date_gmt":"2020-10-26T13:51:19","guid":{"rendered":"https:\/\/linitiative.ca\/International\/volleyball-bouchra-hajij-elue-presidente-de-la-confederation-africaine\/"},"modified":"2020-10-26T09:51:19","modified_gmt":"2020-10-26T13:51:19","slug":"volleyball-bouchra-hajij-elue-presidente-de-la-confederation-africaine","status":"publish","type":"post","link":"https:\/\/linitiative.ca\/International\/volleyball-bouchra-hajij-elue-presidente-de-la-confederation-africaine\/","title":{"rendered":"Volleyball :  Bouchra Hajij  \u00e9lue pr\u00e9sidente de la Conf\u00e9d\u00e9ration africaine"},"content":{"rendered":"<header>\n<div class=\"entry-post-meta\">\n<div class=\"author-link\">Publi\u00e9 par <a itemprop=\"author\" itemscope=\"\" itemtype=\"https:\/\/schema.org\/Person\" href=\"https:\/\/aujourdhui.ma\/author\/blio\" rel=\"author\"><span itemprop=\"name\">ALM<\/span><\/a><\/div>\n<p>Date\u00a0:<time content=\"2020-10-26T14:51:19+01:00\" class=\"entry-date updated\" datetime=\"2020-10-26T14:51:19+01:00\">octobre 26, 2020<\/time><\/p>\n<div class=\"entry-cat\">dans:<a href=\"https:\/\/aujourdhui.ma\/category\/sports\" rel=\"category tag\">Sports<\/a>, <a href=\"https:\/\/aujourdhui.ma\/category\/une\" rel=\"category tag\">Une<\/a><\/div>\n<p>31Vues<\/p>\n<\/div>\n<\/header>\n<div class=\"entry-content clearfix\" readability=\"51\"><img decoding=\"async\" class=\"post_layout_5_img\" src=\"http:\/\/aujourdhui.ma\/wp-content\/uploads\/2020\/10\/bouchraa.jpg\" alt=\"Volleyball : Bouchra Hajij &#xE9;lue pr&#xE9;sidente de la Conf&#xE9;d&#xE9;ration africaine\"\/><\/p>\n<p><span class=\"c5\"><strong>La Marocaine Bouchra Hajij a \u00e9t\u00e9 \u00e9lue pr\u00e9sidente de la Conf\u00e9d\u00e9ration africaine de volleyball (CAVB) pour un mandat de quatre ans (2020-2024), lors de l\u2019assembl\u00e9e g\u00e9n\u00e9rale tenue dimanche soir, via visioconf\u00e9rence.<\/strong><\/span><span id=\"more-358939\"\/><\/p>\n<p>L\u2019\u00e9lection de Hajij, pr\u00e9sidente de la F\u00e9d\u00e9ration royale marocaine de volleyball, \u00e0 la t\u00eate de l\u2019instance continentale, est intervenue apr\u00e8s l\u2019obtention de 42 voix sur 54 f\u00e9d\u00e9rations nationales, contre 12 voix pour son rival \u00e9gyptien Amr Elwani, pr\u00e9sident de la CAVB depuis 2001. La Marocaine a \u00e9t\u00e9 \u00e9lue, en d\u00e9cembre 2015, vice-pr\u00e9sidente de la Conf\u00e9d\u00e9ration africaine de volleyball, lors de l\u2019assembl\u00e9e g\u00e9n\u00e9rale des membres de la conf\u00e9d\u00e9ration tenue en Alg\u00e9rie. Mme Hajij, membre de la commission de parit\u00e9 de l\u2019Association des Comit\u00e9s nationaux olympiques d\u2019Afrique, a \u00e9galement \u00e9t\u00e9 r\u00e9\u00e9lue au Comit\u00e9 international olympique en tant que membre de la commission de la culture et du patrimoine olympique.<\/p>\n<\/div>\n<p>Auteur: ALM<br \/>\n<a href=\"https:\/\/aujourdhui.ma\/une\/volleyball-bouchra-hajij-elue-presidente-de-la-confederation-africaine\">Cliquez ici pour lire l&rsquo;article depuis sa source.<\/a><\/p>\n","protected":false},"excerpt":{"rendered":"<p>Publi\u00e9 par ALM Date\u00a0:octobre 26, 2020 dans:Sports, Une 31Vues La Marocaine Bouchra Hajij a \u00e9t\u00e9 \u00e9lue pr\u00e9sidente de la Conf\u00e9d\u00e9ration africaine de volleyball (CAVB) pour un mandat de quatre ans (2020-2024), lors de l\u2019assembl\u00e9e g\u00e9n\u00e9rale tenue dimanche soir, via visioconf\u00e9rence. L\u2019\u00e9lection de Hajij, pr\u00e9sidente de la F\u00e9d\u00e9ration royale marocaine de volleyball, \u00e0 la t\u00eate de [&hellip;]<\/p>\n","protected":false},"author":1759,"featured_media":102792,"comment_status":"closed","ping_status":"closed","sticky":false,"template":"","format":"standard","meta":{"fifu_image_url":"","fifu_image_alt":"","footnotes":""},"categories":[73,54],"tags":[],"class_list":["post-102791","post","type-post","status-publish","format-standard","has-post-thumbnail","hentry","category-actualite","category-maroc"],"_links":{"self":[{"href":"https:\/\/linitiative.ca\/International\/wp-json\/wp\/v2\/posts\/102791","targetHints":{"allow":["GET"]}}],"collection":[{"href":"https:\/\/linitiative.ca\/International\/wp-json\/wp\/v2\/posts"}],"about":[{"href":"https:\/\/linitiative.ca\/International\/wp-json\/wp\/v2\/types\/post"}],"author":[{"embeddable":true,"href":"https:\/\/linitiative.ca\/International\/wp-json\/wp\/v2\/users\/1759"}],"replies":[{"embeddable":true,"href":"https:\/\/linitiative.ca\/International\/wp-json\/wp\/v2\/comments?post=102791"}],"version-history":[{"count":0,"href":"https:\/\/linitiative.ca\/International\/wp-json\/wp\/v2\/posts\/102791\/revisions"}],"wp:featuredmedia":[{"embeddable":true,"href":"https:\/\/linitiative.ca\/International\/wp-json\/"}],"wp:attachment":[{"href":"https:\/\/linitiative.ca\/International\/wp-json\/wp\/v2\/media?parent=102791"}],"wp:term":[{"taxonomy":"category","embeddable":true,"href":"https:\/\/linitiative.ca\/International\/wp-json\/wp\/v2\/categories?post=102791"},{"taxonomy":"post_tag","embeddable":true,"href":"https:\/\/linitiative.ca\/International\/wp-json\/wp\/v2\/tags?post=102791"}],"curies":[{"name":"wp","href":"https:\/\/api.w.org\/{rel}","templated":true}]}}