{"id":102797,"date":"2020-10-26T10:30:47","date_gmt":"2020-10-26T14:30:47","guid":{"rendered":"https:\/\/linitiative.ca\/International\/un-projet-finance-par-lue-depomi-8-millions-deuros-pour-une-migration-pragmatique-au-profit-de-3-regions\/"},"modified":"2020-10-26T10:30:47","modified_gmt":"2020-10-26T14:30:47","slug":"un-projet-finance-par-lue-depomi-8-millions-deuros-pour-une-migration-pragmatique-au-profit-de-3-regions","status":"publish","type":"post","link":"https:\/\/linitiative.ca\/International\/un-projet-finance-par-lue-depomi-8-millions-deuros-pour-une-migration-pragmatique-au-profit-de-3-regions\/","title":{"rendered":"Un projet financ\u00e9 par l\u2019UE : Depomi, 8 millions d\u2019euros pour une migration pragmatique au profit de 3 r\u00e9gions"},"content":{"rendered":"<p><img decoding=\"async\" class=\"post_layout_5_img\" src=\"http:\/\/aujourdhui.ma\/wp-content\/uploads\/2020\/10\/Depomi-8-millions-deuros-pour-une-migration-pragmatique-au-profit-de-3-regions.jpg\" alt=\"Un projet financ&#xE9; par l&#x2019;UE : Depomi, 8 millions d&#x2019;euros pour une migration pragmatique au profit de 3 r&#xE9;gions\"\/><\/p>\n<p><span class=\"c5\"><strong>Le projet \u00abD\u00e9ploiement des politiques migratoires au niveau r\u00e9gional\u00bb (Depomi) a la priorit\u00e9 de cr\u00e9er un changement en approche pour une migration pragmatique afin de mobiliser les MRE\u00bb. Tel est le vrai credo de Nezha EL Ouafi qui veut int\u00e9grer la dimension territoriale dans cette mobilisation en lan\u00e7ant, vendredi dernier, ce projet \u00e0 Oujda, capitale de l\u2019Oriental. Une r\u00e9gion b\u00e9n\u00e9ficiaire de ce programme outre celles de Souss-Massa et Beni Mellal-Kh\u00e9nifra.<\/strong><\/span><span id=\"more-358914\"\/><\/p>\n<p><span class=\"c5\"><strong>Approche de proximit\u00e9<\/strong><\/span><br \/>Outre son caract\u00e8re pragmatique, l\u2019approche de la ministre d\u00e9l\u00e9gu\u00e9e charg\u00e9e de MRE se veut \u00abde proximit\u00e9\u00bb. \u00abCe projet, financ\u00e9 par l\u2019UE, avec la contribution de la Belgique et l\u2019agence \u00abEnabel\u00bb qui en assurera l\u2019ex\u00e9cution, est destin\u00e9 \u00e0 consolider ces approches pour chercher les comp\u00e9tences afin d\u2019investir dans ces r\u00e9gions\u00bb, d\u00e9taille-t-elle.<br \/>En plus de ce projet, la responsable, qui a de beaux souvenirs de la ville d\u2019Oujda du temps de son mandat en environnement, ne manque pas d\u2019en \u00e9voquer un autre initi\u00e9 par son d\u00e9partement avec l\u2019OFPPT et 4 r\u00e9seaux de 5.000 comp\u00e9tences \u00e0 l\u2019\u00e9tranger pour cr\u00e9er un pont entre celles-ci et les jeunes marocains via cet office. \u00abCe projet est en cours de mise en \u0153uvre\u00bb, encha\u00eene-t-elle en annon\u00e7ant un autre programme d\u2019action avec la CGEM pour accompagner les investissements dans 4 r\u00e9gions. \u00abNous travaillons sur l\u2019accompagnement et l\u2019attractivit\u00e9 de ces r\u00e9gions\u00bb, ajoute Mme El Ouafi qui r\u00e9v\u00e8le \u00e9galement le grand projet de la cha\u00eene \u00abMaghrebcom\u00bb.<br \/>Il s\u2019agit d\u2019une plate-forme num\u00e9rique destin\u00e9e \u00e0 identifier les attentes des comp\u00e9tences marocaines dans tous les continents.<br \/>Mieux encore, elle annonce un prochain projet avec l\u2019AFD et la coop\u00e9ration allemande.<\/p>\n<p><strong><span class=\"c5\">Le pourquoi du choix des r\u00e9gions<\/span><\/strong><br \/>De son c\u00f4t\u00e9, l\u2019ambassadeur de Belgique au Maroc, Marc Trenteseau, s\u2019exprime sur les 3 r\u00e9gions choisies dans le cadre du projet Depomi financ\u00e9 \u00e0 hauteur de 8 millions d\u2019euros.<br \/>Pour lui, celle de Souss-Massa fait l\u2019objet de coop\u00e9ration et de programmes d\u2019infrastructures entre le Maroc et le Royaume de Belgique. Aussi, l\u2019Oriental est un pont humain entre les deux pays. Quant \u00e0 la r\u00e9gion de Beni Mellal-Kh\u00e9nifra, elle b\u00e9n\u00e9ficie d\u2019un projet destin\u00e9 \u00e0 l\u2019emploi des jeunes dans le cadre de la coop\u00e9ration entre les deux Royaumes. A propos de Depomi, le diplomate indique qu\u2019il est \u00e9galement destin\u00e9 \u00e0 \u00abconsolider les capacit\u00e9s\u00bb. Le tout en rappelant que son pays a une coop\u00e9ration triangulaire entre le Maroc et l\u2019Afrique.<\/p>\n<p><strong><span class=\"c5\">Les cibles du projet<\/span><\/strong><br \/>Egalement de la partie, le chef de la section gouvernance de la d\u00e9l\u00e9gation de l\u2019UE au Maroc, Severin Strohal, pr\u00e9cise que Depomi \u00abciblera directement les personnes des pays tiers qui sont \u00e9migrantes au Maroc et les Marocains de retour de migration qui se trouvent dans des situations socio-\u00e9conomiquement difficiles\u00bb. \u00abLe projet leur facilitera la mise en contact, l\u2019acc\u00e8s et l\u2019adaptation aux services publics et aux droits qu\u2019ils ont\u00bb, explicite-t-il. L\u2019intervenant ajoute \u00e9galement que Depomi appuie aussi les \u00abfamilles de personnes \u00e9migr\u00e9es en Europe ou les MRE directement.<br \/>Le projet les accompagnera pour acc\u00e9der aux droits dans les pays d\u2019\u00e9migration ou \u00e0 leur retour\u00bb. Comme il le clarifie, ce programme est \u00e9galement consacr\u00e9 aux \u00abr\u00e9gions rurales ou dans les territoires dont les opportunit\u00e9s de d\u00e9veloppement seront appuy\u00e9es par les membres de la diaspora en Europe pour am\u00e9liorer la productivit\u00e9 de leurs investissements dans leurs territoires d\u2019origine\u00bb. Aussi les personnes cibl\u00e9es sont les jeunes souhaitant \u00e9migrer dans le cadre d\u2019un sch\u00e9ma l\u00e9gal de la migration, notamment en Allemagne et Belgique.<br \/>Dans la m\u00eame lign\u00e9e, la repr\u00e9sentante r\u00e9sidente d\u2019Enabel au Maroc, Evelien Masschelein, indique que le projet se veut, dans le cadre de la coop\u00e9ration entre le Maroc et la Belgique, de mettre en place une situation gagnante pour les personnes d\u00e9plac\u00e9es, pour les pays d\u2019accueil et d\u2019origine. A propos de la promotion de la mobilit\u00e9 de comp\u00e9tences, elle pr\u00e9f\u00e8re, tout comme Enabel, plut\u00f4t le mot \u00abtalent\u00bb.<br \/>Le tout en r\u00e9v\u00e9lant que l\u2019id\u00e9e est de former des talents au Maroc \u00abpour y trouver un travail ou \u00e0 l\u2019\u00e9tranger tout en valorisant le potentiel de la migration sur le d\u00e9veloppement du Maroc\u00bb. Quant au projet Depomi, il ajoute, selon ses dires, \u00abla dimension fondamentale qui est le d\u00e9ploiement de toutes les politiques migratoires au niveau r\u00e9gional\u00bb. \u00abLes r\u00e9sultats de ce projet doivent se faire ressentir tr\u00e8s concr\u00e8tement dans les r\u00e9gions\u00bb, avance-t-elle en appelant \u00e0 tenir compte les nouvelles r\u00e9alit\u00e9s de la crise Covid-19 pour les migrants et talents.<\/p>\n<p>Auteur: Salima Guisser<br \/>\n<a href=\"https:\/\/aujourdhui.ma\/societe\/un-projet-finance-par-lue-depomi-8-millions-deuros-pour-une-migration-pragmatique-au-profit-de-3-regions\">Cliquez ici pour lire l&rsquo;article depuis sa source.<\/a><\/p>\n","protected":false},"excerpt":{"rendered":"<p>Le projet \u00abD\u00e9ploiement des politiques migratoires au niveau r\u00e9gional\u00bb (Depomi) a la priorit\u00e9 de cr\u00e9er un changement en approche pour une migration pragmatique afin de mobiliser les MRE\u00bb. Tel est le vrai credo de Nezha EL Ouafi qui veut int\u00e9grer la dimension territoriale dans cette mobilisation en lan\u00e7ant, vendredi dernier, ce projet \u00e0 Oujda, capitale [&hellip;]<\/p>\n","protected":false},"author":1759,"featured_media":102798,"comment_status":"closed","ping_status":"closed","sticky":false,"template":"","format":"standard","meta":{"fifu_image_url":"","fifu_image_alt":"","footnotes":""},"categories":[73,54],"tags":[],"class_list":["post-102797","post","type-post","status-publish","format-standard","has-post-thumbnail","hentry","category-actualite","category-maroc"],"_links":{"self":[{"href":"https:\/\/linitiative.ca\/International\/wp-json\/wp\/v2\/posts\/102797","targetHints":{"allow":["GET"]}}],"collection":[{"href":"https:\/\/linitiative.ca\/International\/wp-json\/wp\/v2\/posts"}],"about":[{"href":"https:\/\/linitiative.ca\/International\/wp-json\/wp\/v2\/types\/post"}],"author":[{"embeddable":true,"href":"https:\/\/linitiative.ca\/International\/wp-json\/wp\/v2\/users\/1759"}],"replies":[{"embeddable":true,"href":"https:\/\/linitiative.ca\/International\/wp-json\/wp\/v2\/comments?post=102797"}],"version-history":[{"count":0,"href":"https:\/\/linitiative.ca\/International\/wp-json\/wp\/v2\/posts\/102797\/revisions"}],"wp:featuredmedia":[{"embeddable":true,"href":"https:\/\/linitiative.ca\/International\/wp-json\/"}],"wp:attachment":[{"href":"https:\/\/linitiative.ca\/International\/wp-json\/wp\/v2\/media?parent=102797"}],"wp:term":[{"taxonomy":"category","embeddable":true,"href":"https:\/\/linitiative.ca\/International\/wp-json\/wp\/v2\/categories?post=102797"},{"taxonomy":"post_tag","embeddable":true,"href":"https:\/\/linitiative.ca\/International\/wp-json\/wp\/v2\/tags?post=102797"}],"curies":[{"name":"wp","href":"https:\/\/api.w.org\/{rel}","templated":true}]}}