{"id":102801,"date":"2020-10-26T10:09:08","date_gmt":"2020-10-26T14:09:08","guid":{"rendered":"https:\/\/linitiative.ca\/International\/le-secteur-agricole-en-dents-de-scie\/"},"modified":"2020-10-26T10:09:08","modified_gmt":"2020-10-26T14:09:08","slug":"le-secteur-agricole-en-dents-de-scie","status":"publish","type":"post","link":"https:\/\/linitiative.ca\/International\/le-secteur-agricole-en-dents-de-scie\/","title":{"rendered":"Le secteur agricole en dents de scie!"},"content":{"rendered":"<p class=\"has-text-color c2\"><strong>Il est \u00e0 rappeler que le secteur agricole en g\u00e9n\u00e9ral et celui des fruits et l\u00e9gumes en particulier participent grandement \u00e0 la cr\u00e9ation de la plus-value; \u00e0 plus de 15% du PIB. De ce fait, il repr\u00e9sente la locomotive de la croissance \u00e9conomique et sociale, ainsi que l\u2019\u00e9panouissement de la productivit\u00e9, de l\u2019int\u00e9gration et de la comp\u00e9titivit\u00e9. Il y a tout juste quelques ann\u00e9es, le secteur agricole a contribu\u00e9 \u00e0 l\u2019ordre de 143 milliards dont 23 milliards en tant que plus-value, et draine plus de 7 milliards de dirhams de devises.<\/strong><\/p>\n<p>De surcroit, le secteur de l\u2019exportation des l\u00e9gumes et des fruits est des plus importants en termes d\u2019emploi au Maroc, puisqu\u2019il cumule environ 500.000 postes d\u2019emploi directs et repr\u00e9sente 40% de la population active dans le milieu rural. Il permet alors d\u2019assurer l\u2019autosuffisance alimentaire et d\u2019approvisionner le march\u00e9 int\u00e9rieur \u00e0 travers une production de 1, 5 mille tonnes par an. A cet effet, il convient de rappeler que plus de 800.000 tonnes de l\u00e9gumes ont \u00e9t\u00e9 export\u00e9es.<\/p>\n<p>En effet, comme tout le monde sait, la crise qu\u2019a connu un certain nombre de pays europ\u00e9ens avait des incidences n\u00e9gatives sur les exportations marocaines en mati\u00e8re de l\u00e9gumes et de fruits et qui, de ce fait, n\u2019ont connu que 2 \u00e0 3% de progression en termes de quantit\u00e9. En ce qui concerne les prix, il y a lieu de constater qu\u2019ils ont \u00e9t\u00e9 g\u00e9n\u00e9ralement en de\u00e7\u00e0 des aspirations, ne couvrant nullement les frais de production et d\u2019exportation, ce qui influe n\u00e9gativement sur la valeur des ventes de 20 \u00e0 30%.<\/p>\n<p>En plus, nombre de facteurs de production ont accus\u00e9 une augmentation au niveau des tarifs, ainsi que la main-d\u2019\u0153uvre, constituant un lourd fardeau pour les producteurs et leur liquidit\u00e9. A cet effet, il s\u2019av\u00e8re alors difficile de couvrir toutes les d\u00e9penses, au vu des co\u00fbts du march\u00e9 int\u00e9rieur qui, \u00e0 son tour, repr\u00e9sente un grand handicap au niveau de l\u2019am\u00e9lioration des conditions de vente et de qualit\u00e9. Les frais d\u2019investissement ont pareillement connu ces derni\u00e8res ann\u00e9es une ascension notoire, passant de 120.000 dirhams en 1995 \u00e0 400.000 dirhams par hectare actuellement. Cela en ce qui concerne les serres dites \u00abcanariennes\u00bb.<\/p>\n<p>S\u2019agissant des serres \u00abnouvelle g\u00e9n\u00e9ration\u00bb, elles d\u00e9passent 2 millions de dirhams par hectare. Suite \u00e0 la hausse des frais de production et des conditions climatiques, sociales et \u00e9conomiques d\u00e9licates, sans oublier la r\u00e9gression des investissements dans le secteur, nombreuses sont les fermes qui sont menac\u00e9es de faillite et d\u2019arr\u00eat de leurs activit\u00e9s. En fait, ces fermes en danger englobent environ 1500 hectares, recrutant plus de 1500 postes de travail directs et indirects. Selon nombre d\u2019intervenants, on pourra donc r\u00e9sumer ces contraintes infrastructurelles dans les indicateurs suivants:<\/p>\n<p>le secteur de l\u2019agriculture abrite des sp\u00e9cificit\u00e9s multiples et s\u2019expose \u00e0 des entraves diverses, notamment la non qualification de la main-d\u2019\u0153uvre et peu avertie\u00a0; les activit\u00e9s du secteur sont temporaires et saisonni\u00e8res; l\u2019agriculture s\u2019exerce dans des r\u00e9gions rurales sans infrastructures de base; le Code de travail n\u2019a pas pris en consid\u00e9ration cette saisonnalit\u00e9 concernant l\u2019embauche de la main-d\u2019\u0153uvre temporaire; le Code de la route n\u2019a pas pris en compte la particularit\u00e9 du secteur en termes des acc\u00e8s pr\u00e9caires dans le milieu rural qui ne permettent aucunement l\u2019acheminement de nombre de moyens de transport et n\u2019incitent gu\u00e8re \u00e0 l\u2019apparition des soci\u00e9t\u00e9s de transport priv\u00e9es.<\/p>\n<p>Le secteur de l\u2019agriculture, constitue-t-il un r\u00e9el levier de l\u2019\u00e9conomie nationale\u00a0? Difficile de l\u2019affirmer, puisque le Plan Maroc Vert s\u2019av\u00e8re peu r\u00e9pondant dans ce sens, en d\u00e9pit des \u00a0moyens colossaux inject\u00e9s dans ses multiples \u00a0vaisseaux, pendant des ann\u00e9es, sans parvenir aux objectifs escompt\u00e9s, avant de passer \u00e0 un autre programme agricole.<\/p>\n<p>Auteur: M&rsquo;hammed rahal<br \/>\n<a href=\"http:\/\/albayane.press.ma\/le-secteur-agricole-en-dents-de-scie.html\">Cliquez ici pour lire l&rsquo;article depuis sa source.<\/a><\/p>\n","protected":false},"excerpt":{"rendered":"<p>Il est \u00e0 rappeler que le secteur agricole en g\u00e9n\u00e9ral et celui des fruits et l\u00e9gumes en particulier participent grandement \u00e0 la cr\u00e9ation de la plus-value; \u00e0 plus de 15% du PIB. De ce fait, il repr\u00e9sente la locomotive de la croissance \u00e9conomique et sociale, ainsi que l\u2019\u00e9panouissement de la productivit\u00e9, de l\u2019int\u00e9gration et de [&hellip;]<\/p>\n","protected":false},"author":1760,"featured_media":0,"comment_status":"closed","ping_status":"closed","sticky":false,"template":"","format":"standard","meta":{"fifu_image_url":"","fifu_image_alt":"","footnotes":""},"categories":[73,54],"tags":[],"class_list":["post-102801","post","type-post","status-publish","format-standard","hentry","category-actualite","category-maroc"],"_links":{"self":[{"href":"https:\/\/linitiative.ca\/International\/wp-json\/wp\/v2\/posts\/102801","targetHints":{"allow":["GET"]}}],"collection":[{"href":"https:\/\/linitiative.ca\/International\/wp-json\/wp\/v2\/posts"}],"about":[{"href":"https:\/\/linitiative.ca\/International\/wp-json\/wp\/v2\/types\/post"}],"author":[{"embeddable":true,"href":"https:\/\/linitiative.ca\/International\/wp-json\/wp\/v2\/users\/1760"}],"replies":[{"embeddable":true,"href":"https:\/\/linitiative.ca\/International\/wp-json\/wp\/v2\/comments?post=102801"}],"version-history":[{"count":0,"href":"https:\/\/linitiative.ca\/International\/wp-json\/wp\/v2\/posts\/102801\/revisions"}],"wp:attachment":[{"href":"https:\/\/linitiative.ca\/International\/wp-json\/wp\/v2\/media?parent=102801"}],"wp:term":[{"taxonomy":"category","embeddable":true,"href":"https:\/\/linitiative.ca\/International\/wp-json\/wp\/v2\/categories?post=102801"},{"taxonomy":"post_tag","embeddable":true,"href":"https:\/\/linitiative.ca\/International\/wp-json\/wp\/v2\/tags?post=102801"}],"curies":[{"name":"wp","href":"https:\/\/api.w.org\/{rel}","templated":true}]}}