{"id":102802,"date":"2020-10-26T10:14:02","date_gmt":"2020-10-26T14:14:02","guid":{"rendered":"https:\/\/linitiative.ca\/International\/le-maroc-membre-de-la-coalition-americaine\/"},"modified":"2020-10-26T10:14:02","modified_gmt":"2020-10-26T14:14:02","slug":"le-maroc-membre-de-la-coalition-americaine","status":"publish","type":"post","link":"https:\/\/linitiative.ca\/International\/le-maroc-membre-de-la-coalition-americaine\/","title":{"rendered":"Le Maroc membre de la coalition am\u00e9ricaine"},"content":{"rendered":"<p class=\"has-text-color has-vivid-red-color c2\"><strong>Autonomisation \u00e9conomique des femmes<\/strong><\/p>\n<p class=\"has-text-color c3\"><strong>Une coalition de 31 pays, dont le Maroc, a proc\u00e9d\u00e9 vendredi au lancement de l\u2019Appel \u00e0 l\u2019action sur l\u2019autonomisation \u00e9conomique des femmes \u00e0 travers le monde.<\/strong><\/p>\n<p>Dirig\u00e9e par les \u00c9tats-Unis, cette initiative encourage les pays \u00e0 promouvoir l\u2019autonomisation \u00e9conomique des femmes pour \u00e9liminer les obstacles juridiques \u00e0 la participation \u00e9conomique des femmes. Cet appel est une opportunit\u00e9 d\u2019action coordonn\u00e9e pour s\u2019assurer notamment que les femmes sont habilit\u00e9es \u00e0 conduire la r\u00e9ponse mondiale au COVID-19 et la reprise \u00e9conomique.<\/p>\n<p>Dans une allocution \u00e0 l\u2019occasion de la c\u00e9r\u00e9monie de lancement virtuelle de cette initiative, le ministre des Affaires \u00e9trang\u00e8res, de la Coop\u00e9ration africaine et des Marocains r\u00e9sidant \u00e0 l\u2019\u00e9tranger, Nasser Bourita, a indiqu\u00e9 qu\u2019en tant que membre du groupe porteur de cette initiative, le Maroc \u201cadh\u00e8re enti\u00e8rement \u00e0 son esprit\u201d.<\/p>\n<p>\u201cJe suis convaincu que cet appel \u00e0 l\u2019action contribuera \u00e0 amplifier la promotion des droits des femmes, leur prosp\u00e9rit\u00e9 et leur contribution \u00e0 la paix et \u00e0 la stabilit\u00e9 dans le monde\u201d, a affirm\u00e9 Bourita, soulignant que les femmes sont de puissants catalyseurs de changement.\u201cNous sommes convaincus qu\u2019investir dans l\u2019\u00e9galit\u00e9 des genres n\u2019est pas une option. Il s\u2019agit de la seule fa\u00e7on de r\u00e9aliser un d\u00e9veloppement durable\u201d, a-t-il dit lors de cet \u00e9v\u00e8nement auquel ont pris part notamment le secr\u00e9taire d\u2019Etat am\u00e9ricain Mike Pompeo et la conseill\u00e8re du pr\u00e9sident Donald Trump.<\/p>\n<p>\u201cAujourd\u2019hui, alors que nous retroussons nos manches afin de lutter contre la pand\u00e9mie de la COVID, de redresser nos \u00e9conomies et de nous efforcer de r\u00e9aliser les ODD, assurons-nous que les femmes sont autonomis\u00e9es, que leurs voix sont entendues et qu\u2019elles participent pleinement et sur le m\u00eame pied d\u2019\u00e9galit\u00e9 que les hommes \u00e0 la construction de nos soci\u00e9t\u00e9s, de notre monde et de notre avenir\u201d, a ajout\u00e9 le ministre.<\/p>\n<p>De son c\u00f4t\u00e9, le secr\u00e9taire d\u2019Etat am\u00e9ricain Mike Pompeo a exprim\u00e9 la gratitude des \u00c9tats-Unis pour le leadership et le partenariat du Groupe principal visant \u00e0 garantir que les femmes aient la capacit\u00e9 de participer librement et pleinement \u00e0 l\u2019\u00e9conomie mondiale.\u201cNous sommes fiers d\u2019\u00eatre \u00e0 vos c\u00f4t\u00e9s alors que nous signons l\u2019appel \u00e0 l\u2019action d\u2019aujourd\u2019hui, et j\u2019ai h\u00e2te d\u2019accueillir davantage de pays dans cet effort. Vous \u00eates des partenaires sur lesquels nous pouvons compter et nous n\u2019oublierons pas votre leadership ici aujourd\u2019hui, alors qu\u2019ensemble nous faisons progresser nos valeurs communes de paix et de prosp\u00e9rit\u00e9\u201d, a soulign\u00e9 Pompeo.<\/p>\n<p>La conseill\u00e8re du pr\u00e9sident Ivanka Trump a, ajout\u00e9, pour sa part: \u201cCe tout premier Appel \u00e0 l\u2019action des Nations Unies pour l\u2019autonomisation \u00e9conomique des femmes, qui s\u2019appuie sur les piliers de l\u2019Initiative pour le d\u00e9veloppement et la prosp\u00e9rit\u00e9 mondiaux des femmes (W-GDP), est une reconnaissance de l\u2019engagement collectif des \u00c9tats-Unis et des 31 pays qui composent le Groupe principal, \u00e0 offrir des opportunit\u00e9s \u00e9conomiques aux femmes du monde entier. Nous sommes impatients de continuer \u00e0 d\u00e9velopper ce soutien\u201d.<\/p>\n<p>Auteur: M&rsquo;hammed rahal<br \/>\n<a href=\"http:\/\/albayane.press.ma\/le-maroc-membre-de-la-coalition-americaine.html\">Cliquez ici pour lire l&rsquo;article depuis sa source.<\/a><\/p>\n","protected":false},"excerpt":{"rendered":"<p>Autonomisation \u00e9conomique des femmes Une coalition de 31 pays, dont le Maroc, a proc\u00e9d\u00e9 vendredi au lancement de l\u2019Appel \u00e0 l\u2019action sur l\u2019autonomisation \u00e9conomique des femmes \u00e0 travers le monde. Dirig\u00e9e par les \u00c9tats-Unis, cette initiative encourage les pays \u00e0 promouvoir l\u2019autonomisation \u00e9conomique des femmes pour \u00e9liminer les obstacles juridiques \u00e0 la participation \u00e9conomique des [&hellip;]<\/p>\n","protected":false},"author":1760,"featured_media":0,"comment_status":"closed","ping_status":"closed","sticky":false,"template":"","format":"standard","meta":{"fifu_image_url":"","fifu_image_alt":"","footnotes":""},"categories":[73,54],"tags":[],"class_list":["post-102802","post","type-post","status-publish","format-standard","hentry","category-actualite","category-maroc"],"_links":{"self":[{"href":"https:\/\/linitiative.ca\/International\/wp-json\/wp\/v2\/posts\/102802","targetHints":{"allow":["GET"]}}],"collection":[{"href":"https:\/\/linitiative.ca\/International\/wp-json\/wp\/v2\/posts"}],"about":[{"href":"https:\/\/linitiative.ca\/International\/wp-json\/wp\/v2\/types\/post"}],"author":[{"embeddable":true,"href":"https:\/\/linitiative.ca\/International\/wp-json\/wp\/v2\/users\/1760"}],"replies":[{"embeddable":true,"href":"https:\/\/linitiative.ca\/International\/wp-json\/wp\/v2\/comments?post=102802"}],"version-history":[{"count":0,"href":"https:\/\/linitiative.ca\/International\/wp-json\/wp\/v2\/posts\/102802\/revisions"}],"wp:attachment":[{"href":"https:\/\/linitiative.ca\/International\/wp-json\/wp\/v2\/media?parent=102802"}],"wp:term":[{"taxonomy":"category","embeddable":true,"href":"https:\/\/linitiative.ca\/International\/wp-json\/wp\/v2\/categories?post=102802"},{"taxonomy":"post_tag","embeddable":true,"href":"https:\/\/linitiative.ca\/International\/wp-json\/wp\/v2\/tags?post=102802"}],"curies":[{"name":"wp","href":"https:\/\/api.w.org\/{rel}","templated":true}]}}