{"id":102819,"date":"2020-10-26T09:02:05","date_gmt":"2020-10-26T13:02:05","guid":{"rendered":"https:\/\/linitiative.ca\/International\/ennakhil-un-projet-integre-pour-la-mise-a-niveau-du-tissu-economique\/"},"modified":"2020-10-26T09:02:05","modified_gmt":"2020-10-26T13:02:05","slug":"ennakhil-un-projet-integre-pour-la-mise-a-niveau-du-tissu-economique","status":"publish","type":"post","link":"https:\/\/linitiative.ca\/International\/ennakhil-un-projet-integre-pour-la-mise-a-niveau-du-tissu-economique\/","title":{"rendered":"\u00ab\u00a0Ennakhil\u00a0\u00bb, un projet int\u00e9gr\u00e9 pour la mise \u00e0 niveau du tissu \u00e9conomique"},"content":{"rendered":"<div readability=\"38\">\n<p>Par Abdelhak Yahya.<br \/>El Kel\u00e2a des Sraghna \u2013 Le parc industriel \u00ab\u00a0Ennakhil\u00a0\u00bb, qui sera cr\u00e9\u00e9 \u00e0 El Kel\u00e2a des Sraghna, se veut un v\u00e9ritable projet int\u00e9gr\u00e9 pour la mise \u00e0 niveau du tissu \u00e9conomique de la province, \u00e0 m\u00eame de l\u2019\u00e9riger en un p\u00f4le comp\u00e9titif susceptible de contribuer au d\u00e9veloppement socio-\u00e9conomique et \u00e0 la consolidation de l\u2019attractivit\u00e9 de la province et de sa r\u00e9gion.<\/p>\n<\/div>\n<div readability=\"165\">\n<p>Cette plateforme, dont les travaux de r\u00e9alisation ont \u00e9t\u00e9 confi\u00e9s \u00e0 la soci\u00e9t\u00e9 d\u2019am\u00e9nagement \u00ab\u00a0Al Omrane\u00a0\u00bb \u00e0 Marrakech, comprend une zone industrielle, qui s\u2019\u00e9tend sur une superficie d\u2019environ 56 hectares, et des lots de terrain au profit des investisseurs en agroalimentaire et en BTP, pour un co\u00fbt global estim\u00e9 \u00e0 230 millions de DH (MDH).<\/p>\n<p>Le projet, qui fait partie du Plan d\u2019Acc\u00e9l\u00e9ration Industrielle (PAI), est le fruit d\u2019un partenariat entre le minist\u00e8re de l\u2019Industrie, du Commerce, de l\u2019Economie Verte et Num\u00e9rique, le minist\u00e8re de l\u2019Int\u00e9rieur, le Conseil de la r\u00e9gion Marrakech-Safi, le conseil provincial d\u2019El Kel\u00e2a des Sraghna, la commune d\u2019El Kel\u00e2a des Sraghna, l\u2019Agence du Bassin hydraulique d\u2019Oum Errabie, la Chambre du commerce, d\u2019industrie et de services (CCIS) de Marrakech-Safi et la pr\u00e9fecture de la province d\u2019El Kel\u00e2a des Sraghna.<\/p>\n<p>Cette zone industrielle, \u00e0 forte valeur ajout\u00e9e \u00e9conomique, sera r\u00e9alis\u00e9e selon un concept innovant et moderne, \u00e0 l\u2019instar des parcs industriels dans les autres r\u00e9gions du Royaume, pour abriter les petites et moyennes entreprises (PME) op\u00e9rant dans les secteurs de l\u2019industrie agro-alimentaire et de la construction, tout en mettant \u00e0 leur disposition un syst\u00e8me int\u00e9gr\u00e9 de services, de maintenance et de s\u00e9curit\u00e9.<\/p>\n<p>Ce projet prometteur est actuellement au stade de pr\u00e9paration des \u00e9tudes d\u2019am\u00e9nagement de la zone industrielle, en partenariat avec les pouvoirs publics concern\u00e9s, de pr\u00e9sentation de propositions sur les \u00e9quipements et services publics n\u00e9cessaires aux secteurs industriels, et de d\u00e9termination de l\u2019assiette fonci\u00e8re.<\/p>\n<p>Dans une d\u00e9claration \u00e0 la MAP, le d\u00e9l\u00e9gu\u00e9 provincial de l\u2019industrie et du commerce \u00e0 Marrakech, Yassine Amira, a affirm\u00e9 que les d\u00e9cideurs et les acteurs locaux, en partenariat avec le d\u00e9partement de tutelle et les partenaires institutionnels, ont manifest\u00e9 leur int\u00e9r\u00eat \u00e0 travailler ensemble pour l\u2019am\u00e9nagement et la mise en place d\u2019une zone industrielle dans la ville, afin de contribuer au d\u00e9veloppement socio-\u00e9conomique et environnemental de la province d\u2019El Kel\u00e2a des Sraghna.<\/p>\n<p>Et d\u2019ajouter que cet int\u00e9r\u00eat s\u2019est traduit par la conclusion, en mars 2019, d\u2019une convention pr\u00e9voyant la cr\u00e9ation d\u2019un parc industriel en tant que projet \u00e9conomique efficace au service du d\u00e9veloppement durable de l\u2019ensemble du territoire de la province.<\/p>\n<p>Le responsable a \u00e9galement expliqu\u00e9 que les avantages \u00e9conomiques et les impacts en termes d\u2019investissement de cette structure industrielle ne se limiteront pas uniquement \u00e0 la ville d\u2019El Kel\u00e2a des Sraghna, mais toucheront \u00e9galement les r\u00e9gions avoisinantes (El Attaouia, Demnat, Sidi Rahal, Tamalllalet et Fqih Bensalah), ainsi que d\u2019autres municipalit\u00e9s.<\/p>\n<p>Il a encha\u00een\u00e9 en soulignant que cette plateforme mettra \u00e0 la disposition des investisseurs et des acteurs industriels, notamment les jeunes entrepreneurs, des services li\u00e9s \u00e0 l\u2019exploitation de la zone (maintenance des infrastructures, s\u00e9curit\u00e9), d\u2019ordre g\u00e9n\u00e9ral (communication, restauration, prestations m\u00e9dicales\u2026), ou commerciaux et industriels (maintenance, ing\u00e9nierie, soutien \u00e0 l\u2019emploi,\u2026), ainsi qu\u2019un guichet unique au profit des investisseurs.<\/p>\n<p>Il a enfin pr\u00e9cis\u00e9 que ce projet a \u00e9t\u00e9 approuv\u00e9 dans le cadre d\u2019un appel \u00e0 manifestation d\u2019int\u00e9r\u00eat lanc\u00e9 par le minist\u00e8re de l\u2019Industrie, du Commerce, de l\u2019Economie verte et num\u00e9rique, concernant le financement et la r\u00e9alisation des \u00e9tudes de march\u00e9, techniques et financi\u00e8res, avec la contribution du d\u00e9partement de tutelle, pour financer les travaux de construction de la zone industrielle (20 MDH).<\/p>\n<p>A rappeler que la pr\u00e9fecture de la province d\u2019El Kel\u00e2a des Sraghna avait abrit\u00e9, d\u00e9but octobre, une r\u00e9union consacr\u00e9e \u00e0 l\u2019\u00e9tude de faisabilit\u00e9 du projet du nouveau parc industriel \u00ab\u00a0Ennakhil\u00a0\u00bb, et aux diff\u00e9rents aspects li\u00e9s \u00e0 l\u2019\u00e9quipement et au financement du projet, ainsi qu\u2019\u00e0 la mobilisation de l\u2019assiette fonci\u00e8re au profit des investisseurs.<\/p>\n<p>A cette occasion, le gouverneur de la province, Hicham Smahi, a soulign\u00e9 l\u2019importance du projet eu \u00e9gard au r\u00f4le que cette plateforme jouera dans la mise \u00e0 niveau du tissu \u00e9conomique local et la cr\u00e9ation d\u2019emplois directs et indirects.<\/p>\n<p>Ce projet industriel prometteur, qui r\u00e9pond aux standards internationaux en la mati\u00e8re en proposant des services int\u00e9gr\u00e9s au profit du tissu entrepreneurial, est susceptible de renforcer l\u2019attractivit\u00e9 de la province et de l\u2019\u00e9riger en une locomotive du d\u00e9veloppement industriel.<\/p>\n<p>Le secteur industriel \u00e0 El Kel\u00e2a des Sraghna joue un r\u00f4le pr\u00e9pond\u00e9rant dans le d\u00e9veloppement socio-\u00e9conomique de la province, sachant que la majorit\u00e9 des unit\u00e9s op\u00e8rent dans l\u2019agro-alimentaire, compte tenu de la pr\u00e9dominance\u00a0de l\u2019agriculture en tant principale activit\u00e9 \u00e0 l\u2019\u00e9chelle locale.<\/p>\n<p>Ces unit\u00e9s op\u00e8rent essentiellement dans l\u2019industrie ol\u00e9icole (plus de 800 entit\u00e9s modernes et traditionnelles), les mat\u00e9riaux de construction (11), la chimie et parachimie (3), la m\u00e9canique et l\u2019\u00e9lectricit\u00e9 (1).<\/p>\n<\/div>\n<p>Auteur: Meriem IGASS<br \/>\n<a href=\"http:\/\/www.mapmarrakech.ma\/fr\/ennakhil-un-projet-integre-pour-la-mise-a-niveau-du-tissu-economique\/\">Cliquez ici pour lire l&rsquo;article depuis sa source.<\/a><\/p>\n","protected":false},"excerpt":{"rendered":"<p>Par Abdelhak Yahya.El Kel\u00e2a des Sraghna \u2013 Le parc industriel \u00ab\u00a0Ennakhil\u00a0\u00bb, qui sera cr\u00e9\u00e9 \u00e0 El Kel\u00e2a des Sraghna, se veut un v\u00e9ritable projet int\u00e9gr\u00e9 pour la mise \u00e0 niveau du tissu \u00e9conomique de la province, \u00e0 m\u00eame de l\u2019\u00e9riger en un p\u00f4le comp\u00e9titif susceptible de contribuer au d\u00e9veloppement socio-\u00e9conomique et \u00e0 la consolidation de [&hellip;]<\/p>\n","protected":false},"author":1788,"featured_media":0,"comment_status":"closed","ping_status":"closed","sticky":false,"template":"","format":"standard","meta":{"fifu_image_url":"","fifu_image_alt":"","footnotes":""},"categories":[54,76],"tags":[],"class_list":["post-102819","post","type-post","status-publish","format-standard","hentry","category-maroc","category-regions"],"_links":{"self":[{"href":"https:\/\/linitiative.ca\/International\/wp-json\/wp\/v2\/posts\/102819","targetHints":{"allow":["GET"]}}],"collection":[{"href":"https:\/\/linitiative.ca\/International\/wp-json\/wp\/v2\/posts"}],"about":[{"href":"https:\/\/linitiative.ca\/International\/wp-json\/wp\/v2\/types\/post"}],"author":[{"embeddable":true,"href":"https:\/\/linitiative.ca\/International\/wp-json\/wp\/v2\/users\/1788"}],"replies":[{"embeddable":true,"href":"https:\/\/linitiative.ca\/International\/wp-json\/wp\/v2\/comments?post=102819"}],"version-history":[{"count":0,"href":"https:\/\/linitiative.ca\/International\/wp-json\/wp\/v2\/posts\/102819\/revisions"}],"wp:attachment":[{"href":"https:\/\/linitiative.ca\/International\/wp-json\/wp\/v2\/media?parent=102819"}],"wp:term":[{"taxonomy":"category","embeddable":true,"href":"https:\/\/linitiative.ca\/International\/wp-json\/wp\/v2\/categories?post=102819"},{"taxonomy":"post_tag","embeddable":true,"href":"https:\/\/linitiative.ca\/International\/wp-json\/wp\/v2\/tags?post=102819"}],"curies":[{"name":"wp","href":"https:\/\/api.w.org\/{rel}","templated":true}]}}