{"id":102820,"date":"2020-10-26T12:14:50","date_gmt":"2020-10-26T16:14:50","guid":{"rendered":"https:\/\/linitiative.ca\/International\/des-campagnes-de-sensibilisation-sur-les-dangers-de-la-covid-19\/"},"modified":"2020-10-26T12:14:50","modified_gmt":"2020-10-26T16:14:50","slug":"des-campagnes-de-sensibilisation-sur-les-dangers-de-la-covid-19","status":"publish","type":"post","link":"https:\/\/linitiative.ca\/International\/des-campagnes-de-sensibilisation-sur-les-dangers-de-la-covid-19\/","title":{"rendered":"Des campagnes de sensibilisation sur les dangers de la Covid-19"},"content":{"rendered":"<div readability=\"38\">\n<p>Essaouira \u2013 Des campagnes de sensibilisation, de conscientisation et de communication sur les dangers de la Covid-19, viennent d\u2019\u00eatre men\u00e9es par des \u00ab\u00a0Maisons des Jeunes\u00a0\u00bb dans la province d\u2019Essaouira et ce, dans le cadre de l\u2019\u00e9lan de mobilisation et de contribution aux efforts soutenus d\u00e9ploy\u00e9s sur les plans national et local pour l\u2019application et le respect des mesures pr\u00e9ventives afin d\u2019enrayer la propagation de la pand\u00e9mie.<\/p>\n<\/div>\n<div readability=\"94\">\n<p>Ainsi, la \u00ab\u00a0Maison des Jeunes\u00a0\u00bb \u00e0 la commune de Zaouiat Ben Hmida a organis\u00e9 au souk hebdomadaire du Centre de \u00ab\u00a0Bir Kouat\u00a0\u00bb une campagne de sensibilisation sous la supervision de la Direction provinciale de la Jeunesse et des Sports et en coordination avec les autorit\u00e9s locales.<\/p>\n<p>Cette action, initi\u00e9e en partenariat avec les acteurs locaux de la soci\u00e9t\u00e9 civile, a \u00e9t\u00e9 l\u2019occasion de rappeler \u00e0 la population l\u2019importance vitale et l\u2019imp\u00e9ratif du respect scrupuleux des mesures de pr\u00e9vention \u00e9dict\u00e9es par les autorit\u00e9s comp\u00e9tentes pour endiguer la propagation de ce virus invisible et mortel.<\/p>\n<p>Les initiateurs de cette op\u00e9ration citoyenne ont ainsi sillonn\u00e9 l\u2019ensemble des espaces de ce souk hebdomadaire, qui conna\u00eet une grande affluence de la part des habitants de plusieurs r\u00e9gions et douars avoisinants relevant de collectivit\u00e9s territoriales de la province d\u2019Essaouira, ainsi qu\u2019une importante et intense activit\u00e9 commerciale.<\/p>\n<p>A cette occasion, ils ont tenu \u00e0 expliquer aux usagers et visiteurs de ce souk les dangers auxquels ils pourraient \u00eatre expos\u00e9s en cas de non-respect des mesures de pr\u00e9caution et des gestes barri\u00e8res, surtout en cette conjoncture sanitaire d\u00e9licate que traverse le Royaume, tout en les exhortant \u00e0 ne pas sous-estimer la gravit\u00e9 de cette pand\u00e9mie et les risques qu\u2019ils encourent en cas d\u2019infection ou de contamination par le nouveau coronavirus.<\/p>\n<p>Cette vaste campagne a \u00e9t\u00e9 aussi marqu\u00e9e par l\u2019organisation de plusieurs actions de conscientisation afin d\u2019appeler \u00e0 l\u2019observation rigoureuse des principales mesures pr\u00e9ventives pr\u00e9conis\u00e9es par les autorit\u00e9s sanitaires, dont le port obligatoire et correct des masques de protection, la d\u00e9sinfection et le lavage r\u00e9guliers des mains et le respect de la distanciation physique, tout en \u00e9vitant les rassemblements et les attroupements aux entr\u00e9es du souk et devant les commerces.<\/p>\n<p>L\u2019accent a \u00e9t\u00e9 \u00e9galement mis lors de cette action civique sur l\u2019importance de la pr\u00e9vention qui constitue le meilleur moyen \u00e0 l\u2019heure actuelle pour faire face \u00e0 la recrudescence des nouveaux cas de contamination \u00e0 la Covid-19.<\/p>\n<p>Il a \u00e9t\u00e9, en outre, proc\u00e9d\u00e9 \u00e0 la prise de temp\u00e9ratures, \u00e0 la distribution de masques de protection ainsi que de flyers et d\u2019affiches de sensibilisation au profit des usagers du souk et des citoyens qui ont favorablement accueilli cette noble initiative.<\/p>\n<p>Par ailleurs, une campagne similaire a \u00e9t\u00e9 men\u00e9e par la \u00ab\u00a0Maison des Jeunes\u00a0\u00bb de la commune de Talmest dans les \u00e9tablissements scolaires relevant de ladite collectivit\u00e9 territoriale.<\/p>\n<p>Organis\u00e9e en coordination avec la Direction provinciale de la Jeunesse et des Sports, les autorit\u00e9s locales et la d\u00e9l\u00e9gation provinciale de la sant\u00e9, et en partenariat avec la direction provinciale de l\u2019Education nationale, cette action a \u00e9t\u00e9 ponctu\u00e9e de pr\u00e9sentations ax\u00e9es sur l\u2019importance de la sensibilisation et de la conscientisation aux dangers de cette pand\u00e9mie, le r\u00f4le des autorit\u00e9s locales dans la lutte contre le nouveau coronavirus, les sanctions pr\u00e9vues par la loi en cas de manquement et de non respect des mesures pr\u00e9ventives ainsi que les dispositifs mis en place pour freiner la propagation de la pand\u00e9mie.<\/p>\n<p>A cette occasion, il a \u00e9t\u00e9 \u00e9galement proc\u00e9d\u00e9 \u00e0 la distribution de masques de protection et de d\u00e9pliants et flyers de sensibilisation notamment aux enfants et \u00e9l\u00e8ves pr\u00e9sents.<\/p>\n<\/div>\n<p>Auteur: Meriem IGASS<br \/>\n<a href=\"http:\/\/www.mapmarrakech.ma\/fr\/des-campagnes-de-sensibilisation-sur-les-dangers-de-la-covid-19\/\">Cliquez ici pour lire l&rsquo;article depuis sa source.<\/a><\/p>\n","protected":false},"excerpt":{"rendered":"<p>Essaouira \u2013 Des campagnes de sensibilisation, de conscientisation et de communication sur les dangers de la Covid-19, viennent d\u2019\u00eatre men\u00e9es par des \u00ab\u00a0Maisons des Jeunes\u00a0\u00bb dans la province d\u2019Essaouira et ce, dans le cadre de l\u2019\u00e9lan de mobilisation et de contribution aux efforts soutenus d\u00e9ploy\u00e9s sur les plans national et local pour l\u2019application et le [&hellip;]<\/p>\n","protected":false},"author":1788,"featured_media":0,"comment_status":"closed","ping_status":"closed","sticky":false,"template":"","format":"standard","meta":{"fifu_image_url":"","fifu_image_alt":"","footnotes":""},"categories":[54,76],"tags":[],"class_list":["post-102820","post","type-post","status-publish","format-standard","hentry","category-maroc","category-regions"],"_links":{"self":[{"href":"https:\/\/linitiative.ca\/International\/wp-json\/wp\/v2\/posts\/102820","targetHints":{"allow":["GET"]}}],"collection":[{"href":"https:\/\/linitiative.ca\/International\/wp-json\/wp\/v2\/posts"}],"about":[{"href":"https:\/\/linitiative.ca\/International\/wp-json\/wp\/v2\/types\/post"}],"author":[{"embeddable":true,"href":"https:\/\/linitiative.ca\/International\/wp-json\/wp\/v2\/users\/1788"}],"replies":[{"embeddable":true,"href":"https:\/\/linitiative.ca\/International\/wp-json\/wp\/v2\/comments?post=102820"}],"version-history":[{"count":0,"href":"https:\/\/linitiative.ca\/International\/wp-json\/wp\/v2\/posts\/102820\/revisions"}],"wp:attachment":[{"href":"https:\/\/linitiative.ca\/International\/wp-json\/wp\/v2\/media?parent=102820"}],"wp:term":[{"taxonomy":"category","embeddable":true,"href":"https:\/\/linitiative.ca\/International\/wp-json\/wp\/v2\/categories?post=102820"},{"taxonomy":"post_tag","embeddable":true,"href":"https:\/\/linitiative.ca\/International\/wp-json\/wp\/v2\/tags?post=102820"}],"curies":[{"name":"wp","href":"https:\/\/api.w.org\/{rel}","templated":true}]}}