{"id":102828,"date":"2020-10-26T14:53:29","date_gmt":"2020-10-26T18:53:29","guid":{"rendered":"https:\/\/linitiative.ca\/International\/master-pas-de-nouvelles-filieres-mais-une-offre-bien-garnie\/"},"modified":"2020-10-26T14:53:29","modified_gmt":"2020-10-26T18:53:29","slug":"master-pas-de-nouvelles-filieres-mais-une-offre-bien-garnie","status":"publish","type":"post","link":"https:\/\/linitiative.ca\/International\/master-pas-de-nouvelles-filieres-mais-une-offre-bien-garnie\/","title":{"rendered":"Master: Pas de nouvelles fili\u00e8res, mais une offre bien garnie"},"content":{"rendered":"<p class=\"rtejustify\">Les universit\u00e9s n\u2019ouvrent pas de nouvelles fili\u00e8res cette ann\u00e9e. Le d\u00e9partement de l\u2019Enseignement sup\u00e9rieur avait pris la d\u00e9cision d\u2019arr\u00eater les accr\u00e9ditations de parcours l\u2019an dernier, afin de pr\u00e9parer la r\u00e9forme du bachelor.<\/p>\n<p class=\"rtejustify\">Sauf que cette r\u00e9forme a \u00e9t\u00e9 mise en stand-by cette ann\u00e9e en raison de la crise pand\u00e9mique. Des exceptions sont, cependant, accord\u00e9es pour les fili\u00e8res lanc\u00e9es dans le cadre de la coop\u00e9ration internationale, ou pour des dipl\u00f4mes non existants dans certains \u00e9tablissements.<\/p>\n<div class=\"dnd-atom-wrapper type-image context-sdl_editor_representation\" contenteditable=\"false\">\n<div class=\"dnd-drop-wrapper\">\n<div class=\"image\"><img loading=\"lazy\" decoding=\"async\" typeof=\"foaf:Image\" class=\"img-responsive\" src=\"https:\/\/leconomiste.com\/sites\/default\/files\/eco7\/public\/thumbnails\/image\/sciences-humaines-071.jpg\" width=\"800\" height=\"556\" alt=\"sciences-humaines-071.jpg\" title=\"sciences-humaines-071.jpg\"\/><\/div>\n<\/div>\n<\/div>\n<p class=\"rtejustify\">\u00abA la facult\u00e9 polydisciplinaire de Ouarzazate, par exemple, nous avons accr\u00e9dit\u00e9 deux fili\u00e8res de master, car il n\u2019en existait pas\u00bb, t\u00e9moigne le pr\u00e9sident de l\u2019universit\u00e9 d\u2019Agadir, Abdelaziz Bendou. La facult\u00e9 de droit de K\u00e9nitra, aussi, ouvre un master cette rentr\u00e9e pour ses nouveaux licenci\u00e9s. Le gel des nouvelles formations est-il sans cons\u00e9quences?<\/p>\n<p class=\"rtejustify\">De l\u2019avis des chefs d\u2019\u00e9tablissements contact\u00e9s par L\u2019Economiste, l\u2019offre universitaire est d\u00e9j\u00e0 bien garnie, avec une large couverture de tous les champs disciplinaires. \u00abNous avons un ou deux projets de fili\u00e8res d\u00e9pos\u00e9s pour accr\u00e9ditation et qui attendent le feu vert du minist\u00e8re. Mais sinon, nous ne sommes pas vraiment handicap\u00e9s, car nous couvrons pratiquement tous les domaines du management et de l\u2019\u00e9conomie. Nous disposons de suffisamment de formations\u00bb, t\u00e9moigne Abdellatif Komat, doyen de la facult\u00e9 des sciences juridiques, \u00e9conomiques et sociales de Casablanca A\u00efn Chock.<\/p>\n<p class=\"rtecenter\"><strong>Les concours \u00e0 partir du 26 octobre<\/strong><\/p>\n<div class=\"dnd-atom-wrapper type-image context-sdl_editor_representation atom-align-right\" contenteditable=\"false\">\n<div class=\"dnd-drop-wrapper\">\n<div class=\"image\"><img loading=\"lazy\" decoding=\"async\" typeof=\"foaf:Image\" class=\"img-responsive\" src=\"https:\/\/leconomiste.com\/sites\/default\/files\/eco7\/public\/thumbnails\/image\/universites-historiques-071.jpg\" width=\"340\" height=\"724\" alt=\"universites-historiques-071.jpg\" title=\"universites-historiques-071.jpg\"\/><\/div>\n<\/div>\n<\/div>\n<p class=\"rtejustify\">Les fili\u00e8res sont accr\u00e9dit\u00e9es pour une dur\u00e9e de trois ans. Celles qui arrivent \u00e0 terme cette rentr\u00e9e 2020-2021 b\u00e9n\u00e9ficieront d\u2019une prorogation exceptionnelle d\u2019une ann\u00e9e. \u00abToutefois, certaines ne seront probablement pas rouvertes. Des enseignants estiment que leurs formations ne peuvent \u00eatre reconduites, parce que le march\u00e9 n\u2019est plus demandeur\u00bb, rel\u00e8ve Yahia Boughaleb, pr\u00e9sident de l\u2019universit\u00e9 d\u2019El Jadida.<\/p>\n<p class=\"rtejustify\">A cause du retard enregistr\u00e9 sur le calendrier des examens, les concours ont \u00e9t\u00e9 retard\u00e9s. Ils seront organis\u00e9s entre le 26 octobre et le 16 novembre. Les appels \u00e0 candidature ont d\u00e9j\u00e0 \u00e9t\u00e9 lanc\u00e9s. Pour 2020-2021, quelque 996 fili\u00e8res de masters (recherche), masters sp\u00e9cialis\u00e9s (professionnalisants) et masters en sciences et techniques\u00a0 sont propos\u00e9es dans le public, contre 978 en 2019-2020, soit seulement 18 suppl\u00e9mentaires.<\/p>\n<p class=\"rtejustify\">Les masters sont les plus nombreux (621), suivis des masters sp\u00e9cialis\u00e9s (300) et de ceux en sciences et techniques relevant des FST (75). Les facult\u00e9s \u00e0 acc\u00e8s ouvert (droit, sciences, lettres, polydisciplinaires et chari\u00e2a) concentrent l\u2019essentiel de l\u2019offre, avec une part de plus de 82%. Les facs de droit arrivent en t\u00eate, avec 30,4% du portefeuille global (303 fili\u00e8res), suivies de celles de lettres (207), puis de celles de sciences (197).<\/p>\n<p class=\"rtejustify\"><em>Ahlam NAZIH<\/em><\/p>\n<p class=\"rtejustify\">\u00a0<\/p>\n<p>Auteur: hlafriqi<br \/>\n<a href=\"https:\/\/www.leconomiste.com\/article\/1068813-master-pas-de-nouvelles-filieres-mais-une-offre-bien-garnie\">Cliquez ici pour lire l&rsquo;article depuis sa source.<\/a><\/p>\n","protected":false},"excerpt":{"rendered":"<p>Les universit\u00e9s n\u2019ouvrent pas de nouvelles fili\u00e8res cette ann\u00e9e. Le d\u00e9partement de l\u2019Enseignement sup\u00e9rieur avait pris la d\u00e9cision d\u2019arr\u00eater les accr\u00e9ditations de parcours l\u2019an dernier, afin de pr\u00e9parer la r\u00e9forme du bachelor. Sauf que cette r\u00e9forme a \u00e9t\u00e9 mise en stand-by cette ann\u00e9e en raison de la crise pand\u00e9mique. Des exceptions sont, cependant, accord\u00e9es pour [&hellip;]<\/p>\n","protected":false},"author":1763,"featured_media":102829,"comment_status":"closed","ping_status":"closed","sticky":false,"template":"","format":"standard","meta":{"fifu_image_url":"","fifu_image_alt":"","footnotes":""},"categories":[78,54],"tags":[],"class_list":["post-102828","post","type-post","status-publish","format-standard","has-post-thumbnail","hentry","category-economie","category-maroc"],"_links":{"self":[{"href":"https:\/\/linitiative.ca\/International\/wp-json\/wp\/v2\/posts\/102828","targetHints":{"allow":["GET"]}}],"collection":[{"href":"https:\/\/linitiative.ca\/International\/wp-json\/wp\/v2\/posts"}],"about":[{"href":"https:\/\/linitiative.ca\/International\/wp-json\/wp\/v2\/types\/post"}],"author":[{"embeddable":true,"href":"https:\/\/linitiative.ca\/International\/wp-json\/wp\/v2\/users\/1763"}],"replies":[{"embeddable":true,"href":"https:\/\/linitiative.ca\/International\/wp-json\/wp\/v2\/comments?post=102828"}],"version-history":[{"count":0,"href":"https:\/\/linitiative.ca\/International\/wp-json\/wp\/v2\/posts\/102828\/revisions"}],"wp:featuredmedia":[{"embeddable":true,"href":"https:\/\/linitiative.ca\/International\/wp-json\/"}],"wp:attachment":[{"href":"https:\/\/linitiative.ca\/International\/wp-json\/wp\/v2\/media?parent=102828"}],"wp:term":[{"taxonomy":"category","embeddable":true,"href":"https:\/\/linitiative.ca\/International\/wp-json\/wp\/v2\/categories?post=102828"},{"taxonomy":"post_tag","embeddable":true,"href":"https:\/\/linitiative.ca\/International\/wp-json\/wp\/v2\/tags?post=102828"}],"curies":[{"name":"wp","href":"https:\/\/api.w.org\/{rel}","templated":true}]}}