{"id":102830,"date":"2020-10-26T14:53:31","date_gmt":"2020-10-26T18:53:31","guid":{"rendered":"https:\/\/linitiative.ca\/International\/identifiez-la-formation-qui-vous-convient\/"},"modified":"2020-10-26T14:53:31","modified_gmt":"2020-10-26T18:53:31","slug":"identifiez-la-formation-qui-vous-convient","status":"publish","type":"post","link":"https:\/\/linitiative.ca\/International\/identifiez-la-formation-qui-vous-convient\/","title":{"rendered":"Identifiez la formation qui vous convient!"},"content":{"rendered":"<p class=\"rtejustify\">Dans le choix d\u2019une fili\u00e8re d\u2019enseignement sup\u00e9rieur, plusieurs \u00e9l\u00e9ments entrent en jeu. App\u00e9tence pour un domaine ou une discipline, dynamique du march\u00e9 de l\u2019emploi, secteurs d\u2019activit\u00e9s \u00e9mergents, notori\u00e9t\u00e9 du dipl\u00f4me&#8230; sont autant de facteurs \u00e0 prendre en compte avant de se lancer.<\/p>\n<div class=\"dnd-atom-wrapper type-image context-sdl_editor_representation\" contenteditable=\"false\">\n<div class=\"dnd-drop-wrapper\">\n<div class=\"image\"><img loading=\"lazy\" decoding=\"async\" typeof=\"foaf:Image\" class=\"img-responsive\" src=\"https:\/\/leconomiste.com\/sites\/default\/files\/eco7\/public\/thumbnails\/image\/choix-071.jpg\" width=\"660\" height=\"330\" alt=\"choix-071.jpg\" title=\"choix-071.jpg\"\/><\/div>\n<\/div>\n<\/div>\n<p class=\"rtejustify\">Face \u00e0 la diversit\u00e9 des offres propos\u00e9es par les \u00e9tablissements, la palette de formation est de plus en plus large et rend le choix plus ardu. \u00abIl est important de relever la diff\u00e9rence importante entre une formation MBA et une formation master. La premi\u00e8re est une formation en Management g\u00e9n\u00e9ral qui vise l\u2019acquisition d\u2019une double comp\u00e9tence. Elle permet d\u2019apporter des r\u00e9ponses conceptuelles en management permettant de faire \u00e9voluer une carri\u00e8re\u00bb, explique Hassan Sayarh, DG du groupe HEM.<\/p>\n<p class=\"rtejustify\">Elle s\u2019adresse \u00e0 des cadres professionnels ayant un m\u00e9tier de base (ing\u00e9nieur, juriste, scientifique, m\u00e9decin, architecte\u2026.) et de l\u2019exp\u00e9rience professionnelle. \u00abLe master est quant \u00e0 lui une formation pointue dans un domaine pr\u00e9cis, destin\u00e9 aux cadres et jeunes dipl\u00f4m\u00e9s qui cherchent \u00e0 se sp\u00e9cialiser\u00bb, souligne-t-il.<\/p>\n<p class=\"rtejustify\">Il en existe deux cat\u00e9gories. Celles sp\u00e9cialis\u00e9es en comptabilit\u00e9 contr\u00f4le et audit, RH, droit, MIAGE et d\u2019autres plus g\u00e9n\u00e9ralistes, propos\u00e9es comme un compl\u00e9ment de formation en fonction de chaque profil. \u00abMais comme chaque p\u00e9riode, il existe des masters \u00abtendance\u00bb qui r\u00e9pondent aux besoins tr\u00e8s sp\u00e9cifiques de leur \u00e9poque. Actuellement, le marketing de luxe, les \u00e9nergies renouvelables, le digital et quelques autres sont tr\u00e8s pris\u00e9s\u00bb, explique Mohammed Zaoudi, directeur de l\u2019IGA.<\/p>\n<p class=\"rtejustify\">\u00abEn formation continue, la demande se dirige vers des masters pointus, li\u00e9s \u00e0 des m\u00e9tiers sp\u00e9cifiques qui r\u00e9pondent \u00e0 des besoins pr\u00e9cis du march\u00e9 de l\u2019emploi. Les sp\u00e9cialit\u00e9s les plus pl\u00e9biscit\u00e9es sont: la logistique et la distribution, le management de projets et le marketing digital\u00bb, rel\u00e8ve, pour sa part, Hassan Sayarh.<\/p>\n<p class=\"rtejustify\">Du c\u00f4t\u00e9 des Executive MBA, l\u2019Emlyon Casablanca propose deux sp\u00e9cialisations selon le profil du candidat et de son projet de carri\u00e8re. Il s\u2019agit du Corporate Executive destin\u00e9 \u00e0 ceux souhaitant \u00e9voluer vers des postes de management et le parcours Entrepreneurship, pour les porteurs de projets ou dirigeants d\u2019entreprises.<\/p>\n<p class=\"rtejustify\">\u00abL\u2019Executive MBA permet aux participants de co-innover et collaborer avec des dirigeants venant d\u2019entreprises, de secteurs et de pays vari\u00e9s et des intervenants experts dans leur domaine respectif. Ils \u00e9largissent ainsi leur horizon et sont arm\u00e9s pour affronter de nouveaux challenges\u00bb, souligne Mourad El Mahjoubi, DG de l\u2019Emlyon business school Africa.<\/p>\n<p class=\"rtejustify\"><em>T.E.G.<\/em><\/p>\n<p class=\"rtejustify\">\u00a0<\/p>\n<p class=\"rtejustify\">\u00a0<\/p>\n<p>Auteur: hlafriqi<br \/>\n<a href=\"https:\/\/www.leconomiste.com\/article\/1068815-identifiez-la-formation-qui-vous-convient\">Cliquez ici pour lire l&rsquo;article depuis sa source.<\/a><\/p>\n","protected":false},"excerpt":{"rendered":"<p>Dans le choix d\u2019une fili\u00e8re d\u2019enseignement sup\u00e9rieur, plusieurs \u00e9l\u00e9ments entrent en jeu. App\u00e9tence pour un domaine ou une discipline, dynamique du march\u00e9 de l\u2019emploi, secteurs d\u2019activit\u00e9s \u00e9mergents, notori\u00e9t\u00e9 du dipl\u00f4me&#8230; sont autant de facteurs \u00e0 prendre en compte avant de se lancer. Face \u00e0 la diversit\u00e9 des offres propos\u00e9es par les \u00e9tablissements, la palette de [&hellip;]<\/p>\n","protected":false},"author":1763,"featured_media":102831,"comment_status":"closed","ping_status":"closed","sticky":false,"template":"","format":"standard","meta":{"fifu_image_url":"","fifu_image_alt":"","footnotes":""},"categories":[78,54],"tags":[],"class_list":["post-102830","post","type-post","status-publish","format-standard","has-post-thumbnail","hentry","category-economie","category-maroc"],"_links":{"self":[{"href":"https:\/\/linitiative.ca\/International\/wp-json\/wp\/v2\/posts\/102830","targetHints":{"allow":["GET"]}}],"collection":[{"href":"https:\/\/linitiative.ca\/International\/wp-json\/wp\/v2\/posts"}],"about":[{"href":"https:\/\/linitiative.ca\/International\/wp-json\/wp\/v2\/types\/post"}],"author":[{"embeddable":true,"href":"https:\/\/linitiative.ca\/International\/wp-json\/wp\/v2\/users\/1763"}],"replies":[{"embeddable":true,"href":"https:\/\/linitiative.ca\/International\/wp-json\/wp\/v2\/comments?post=102830"}],"version-history":[{"count":0,"href":"https:\/\/linitiative.ca\/International\/wp-json\/wp\/v2\/posts\/102830\/revisions"}],"wp:featuredmedia":[{"embeddable":true,"href":"https:\/\/linitiative.ca\/International\/wp-json\/"}],"wp:attachment":[{"href":"https:\/\/linitiative.ca\/International\/wp-json\/wp\/v2\/media?parent=102830"}],"wp:term":[{"taxonomy":"category","embeddable":true,"href":"https:\/\/linitiative.ca\/International\/wp-json\/wp\/v2\/categories?post=102830"},{"taxonomy":"post_tag","embeddable":true,"href":"https:\/\/linitiative.ca\/International\/wp-json\/wp\/v2\/tags?post=102830"}],"curies":[{"name":"wp","href":"https:\/\/api.w.org\/{rel}","templated":true}]}}