{"id":102832,"date":"2020-10-26T14:53:33","date_gmt":"2020-10-26T18:53:33","guid":{"rendered":"https:\/\/linitiative.ca\/International\/gestion-du-temps-conciliez-mba-et-vie-perso\/"},"modified":"2020-10-26T14:53:33","modified_gmt":"2020-10-26T18:53:33","slug":"gestion-du-temps-conciliez-mba-et-vie-perso","status":"publish","type":"post","link":"https:\/\/linitiative.ca\/International\/gestion-du-temps-conciliez-mba-et-vie-perso\/","title":{"rendered":"Gestion du temps: Conciliez MBA et vie perso"},"content":{"rendered":"<p class=\"rtejustify\">Poursuivre un MBA tout en continuant \u00e0 occuper un emploi int\u00e9resse beaucoup de professionnels en qu\u00eate d\u2019\u00e9volution de carri\u00e8re. N\u00e9anmoins, ce type de formation constitue un consommateur de temps particuli\u00e8rement redoutable qui n\u00e9cessite de savoir concilier avec efficacit\u00e9 \u00e9tudes et vie personnelle. Une d\u00e9marche qui n\u00e9cessite une organisation quasi-millim\u00e9tr\u00e9e mais surtout une discipline de tous les instants.<\/p>\n<div class=\"dnd-atom-wrapper type-image context-sdl_editor_representation\" contenteditable=\"false\">\n<div class=\"dnd-drop-wrapper\">\n<div class=\"image\"><img loading=\"lazy\" decoding=\"async\" typeof=\"foaf:Image\" class=\"img-responsive\" src=\"https:\/\/leconomiste.com\/sites\/default\/files\/eco7\/public\/thumbnails\/image\/mba-071.jpg\" width=\"660\" height=\"330\" alt=\"mba-071.jpg\" title=\"mba-071.jpg\"\/><\/div>\n<\/div>\n<\/div>\n<p class=\"rtejustify\">Pour r\u00e9ussir cette gymnastique des plus d\u00e9licates, le cadre doit tout d\u2019abord apprendre \u00e0 g\u00e9rer comme il se doit ses priorit\u00e9s et \u00e0 prendre les d\u00e9cisions les plus efficientes. Pour y parvenir, il est conseill\u00e9 de mettre en pratique l\u2019approche Getting things done ou GTD. Une m\u00e9thode qui permet d\u2019identifier ses t\u00e2ches quotidiennes ou hebdomadaires et de les organiser en fonction de leur importance.<\/p>\n<p class=\"rtejustify\">\u00abCet outil est capital pour un salari\u00e9 poursuivant des \u00e9tudes aussi pouss\u00e9es. Concr\u00e8tement, ce dernier analyse la n\u00e9cessit\u00e9 de chaque action \u00e0 accomplir et les dispose suivant leur importance tout en assurant par la suite leur suivi\u00bb, confie l\u2019Executive coach certifi\u00e9e en analyse DISC et consultante en communication et management Ikhlass Ferrane. Dans le m\u00eame ordre d\u2019id\u00e9es, d\u2019autres techniques peuvent \u00e9galement \u00eatre employ\u00e9es.<\/p>\n<p class=\"rtejustify\">Parmi ces derni\u00e8res notamment, le Mind mapping. Une carte de repr\u00e9sentation mentale qui permet de diff\u00e9rencier actions prioritaires et secondaires ou, encore, la \u00abto-do list\u00bb tr\u00e8s utile en mati\u00e8re de planification ou de suivi. Autre r\u00e9flexe essentiel \u00e0 cultiver et non des moindres, apprendre \u00e0 dire non. \u00abLa communication s\u2019av\u00e8re primordiale pour renforcer notre capacit\u00e9 \u00e0 g\u00e9rer le temps. Elle permet d\u2019optimiser le partage d\u2019informations et de minimiser autant que possible le risque de malentendus\u00bb, souligne l\u2019experte.<\/p>\n<p class=\"rtejustify\">Travailler tout en pr\u00e9parant son MBA n\u00e9cessite aussi une r\u00e9elle implication de sa famille et de ses proches. \u00abL\u2019entourage personnel est fondamental pour la r\u00e9ussite de tout un chacun. Il permet \u00e0 la fois de stimuler notre confiance en soi et de nous s\u00e9curiser face \u00e0 nos peurs tout en prenant en charge quelques responsabilit\u00e9s\u00bb, explique Ferrane. Une d\u00e9l\u00e9gation des t\u00e2ches qui r\u00e9duit sensiblement le stress associ\u00e9 \u00e0 la charge de travail ainsi qu\u2019\u00e0 l\u2019absence de visibilit\u00e9 sur les d\u00e9lais.<\/p>\n<p class=\"rtejustify\">Enfin, il s\u2019av\u00e8re particuli\u00e8rement important aussi de r\u00e9am\u00e9nager comme il se doit son agenda de travail. \u00abL\u2019id\u00e9e ne consiste pas \u00e0 r\u00e9soudre des conflits d\u2019agenda professionnels mais de les allier\u00bb, insiste la sp\u00e9cialiste. Pour y parvenir, l\u2019on peut n\u00e9gocier \u00e0 l\u2019avance\u00a0 la prise de cong\u00e9s ou encore r\u00e9organiser le planning de ses \u00e9quipes de travail afin de pouvoir \u00abgratter\u00bb quelques jours dans la semaine.<\/p>\n<p class=\"rtejustify\"><em>K. A.<\/em><\/p>\n<p class=\"rtejustify\">\u00a0<\/p>\n<p class=\"rtejustify\">\u00a0<\/p>\n<p class=\"rtejustify\">\u00a0<\/p>\n<p class=\"rtejustify\">\u00a0<\/p>\n<p class=\"rtejustify\">\u00a0<\/p>\n<p>Auteur: hlafriqi<br \/>\n<a href=\"https:\/\/www.leconomiste.com\/article\/1068816-gestion-du-temps-conciliez-mba-et-vie-perso\">Cliquez ici pour lire l&rsquo;article depuis sa source.<\/a><\/p>\n","protected":false},"excerpt":{"rendered":"<p>Poursuivre un MBA tout en continuant \u00e0 occuper un emploi int\u00e9resse beaucoup de professionnels en qu\u00eate d\u2019\u00e9volution de carri\u00e8re. N\u00e9anmoins, ce type de formation constitue un consommateur de temps particuli\u00e8rement redoutable qui n\u00e9cessite de savoir concilier avec efficacit\u00e9 \u00e9tudes et vie personnelle. Une d\u00e9marche qui n\u00e9cessite une organisation quasi-millim\u00e9tr\u00e9e mais surtout une discipline de tous [&hellip;]<\/p>\n","protected":false},"author":1763,"featured_media":102833,"comment_status":"closed","ping_status":"closed","sticky":false,"template":"","format":"standard","meta":{"fifu_image_url":"","fifu_image_alt":"","footnotes":""},"categories":[78,54],"tags":[],"class_list":["post-102832","post","type-post","status-publish","format-standard","has-post-thumbnail","hentry","category-economie","category-maroc"],"_links":{"self":[{"href":"https:\/\/linitiative.ca\/International\/wp-json\/wp\/v2\/posts\/102832","targetHints":{"allow":["GET"]}}],"collection":[{"href":"https:\/\/linitiative.ca\/International\/wp-json\/wp\/v2\/posts"}],"about":[{"href":"https:\/\/linitiative.ca\/International\/wp-json\/wp\/v2\/types\/post"}],"author":[{"embeddable":true,"href":"https:\/\/linitiative.ca\/International\/wp-json\/wp\/v2\/users\/1763"}],"replies":[{"embeddable":true,"href":"https:\/\/linitiative.ca\/International\/wp-json\/wp\/v2\/comments?post=102832"}],"version-history":[{"count":0,"href":"https:\/\/linitiative.ca\/International\/wp-json\/wp\/v2\/posts\/102832\/revisions"}],"wp:featuredmedia":[{"embeddable":true,"href":"https:\/\/linitiative.ca\/International\/wp-json\/"}],"wp:attachment":[{"href":"https:\/\/linitiative.ca\/International\/wp-json\/wp\/v2\/media?parent=102832"}],"wp:term":[{"taxonomy":"category","embeddable":true,"href":"https:\/\/linitiative.ca\/International\/wp-json\/wp\/v2\/categories?post=102832"},{"taxonomy":"post_tag","embeddable":true,"href":"https:\/\/linitiative.ca\/International\/wp-json\/wp\/v2\/tags?post=102832"}],"curies":[{"name":"wp","href":"https:\/\/api.w.org\/{rel}","templated":true}]}}