{"id":102838,"date":"2020-10-26T12:00:00","date_gmt":"2020-10-26T16:00:00","guid":{"rendered":"https:\/\/linitiative.ca\/International\/faute-de-mieux-on-visitera-les-galeries\/"},"modified":"2020-10-26T12:00:00","modified_gmt":"2020-10-26T16:00:00","slug":"faute-de-mieux-on-visitera-les-galeries","status":"publish","type":"post","link":"https:\/\/linitiative.ca\/International\/faute-de-mieux-on-visitera-les-galeries\/","title":{"rendered":"Faute de mieux, on visitera les galeries"},"content":{"rendered":"<p class=\"p1 c5\"><span class=\"c4\"><span class=\"c3\"><span class=\"s1 c2\"><strong>Le Temps &#8211; Hechmi KHALLADI<\/strong><\/span><\/span><\/span><\/p>\n<p class=\"p2 c6\"><span class=\"c4\"><span class=\"c3\"><strong>Si les autorit\u00e9s ont annonc\u00e9 l\u2019annulation jusqu\u2019\u00e0 nouvel ordre de toutes les activit\u00e9s culturelles dans le pays pour \u00e9viter la propagation du coronavirus, plusieurs galeries d\u2019art, notamment dans le Grand Tunis demeurent ouvertes en cette p\u00e9riode de pand\u00e9mie tout en prenant des mesures pr\u00e9ventives.<span class=\"Apple-converted-space\">\u00a0<\/span><\/strong><\/span><\/span><\/p>\n<p class=\"p2 c6\"><span class=\"c4\"><span class=\"c3\"><strong>`<\/strong><strong class=\"c7\">En effet, certaines galeries, nationales ou priv\u00e9es, poursuivent leurs activit\u00e9s en proposant au public amateur des arts plastiques leurs expositions collectives ou personnelles. Si les unes ont poursuivi leurs expositions qu\u2019elles avaient entam\u00e9es avant la d\u00e9cision gouvernementale, d\u2019autres ont programm\u00e9 de nouvelles expositions qui sont actuellement en cours ou qui se d\u00e9rouleront dans les jours prochains.<\/strong><\/span><\/span><\/p>\n<p class=\"p1 c8\"><span class=\"c4\"><span class=\"c3\">Les artistes-peintres s\u2019estiment heureux de pouvoir exposer leurs nouvelles cr\u00e9ations dans ces espaces rest\u00e9s ouverts malgr\u00e9 la situation sanitaire qui s\u00e9vit dans le pays. Les galeristes sont certes conscients de cette situation, mais savent bien que leurs activit\u00e9s artistiques ne nuisent pas aux visiteurs, car ces derniers ne sont pas toujours nombreux, compar\u00e9s \u00e0 un spectacle de musique ou \u00e0 une repr\u00e9sentation th\u00e9\u00e2trale o\u00f9 l\u2019assistance est nombreuse et la contamination est plus risqu\u00e9e, malgr\u00e9 toutes les mesures sanitaires qui pourraient \u00eatre prises lors de ce genre de spectacles. Par ailleurs, les rares visiteurs des galeries d\u2019arts ne sont pas oblig\u00e9s de faire la queue devant un guichet pour acheter leur billet, comme dans les autres spectacles culturels (th\u00e9\u00e2tre, cin\u00e9ma, soir\u00e9e musicale,\u2026), l\u00e0 o\u00f9 les contacts \u00e0 risque se manifestent le plus. C\u2019est surtout la raret\u00e9 des visiteurs de ces espaces d\u2019exposition qui fait que certains galeristes continuent leurs activit\u00e9s, mais aussi, nous a-t-on confi\u00e9, la volont\u00e9 des artistes-peintres d\u2019exposer leurs nouvelles cr\u00e9ations au public, lesquelles cr\u00e9ations sont r\u00e9alis\u00e9es pendant le confinement et dont la majorit\u00e9 tourne autour du th\u00e8me du coronavirus et autour de l\u2019actualit\u00e9 dans le pays et surtout pour ne pas paralyser totalement la vie culturelle dans le pays.<\/span><\/span><\/p>\n<p class=\"p1 c8\"><span class=\"c4\"><span class=\"c3\">Parmi les espaces ouverts malgr\u00e9 l\u2019annulation officielle de toutes les activit\u00e9s culturelles d\u00e9cid\u00e9e par le gouvernent, on peut citer la Galerie Guermassi \u00e0 Tunis qui a fait son entr\u00e9e artistique le 10 octobre courant avec l\u2019exposition de l\u2019artiste Mohamed Fnina qui se poursuivra jusqu\u2019\u00e0 la fin du mois. De m\u00eame \u00e0 la Galerie des Arts de Ben Arous se poursuit jusqu\u2019au 30 octobre l\u2019exposition \u00ab Rencontre 4 \u00bb en collaboration avec l\u2019Union Tunisienne des Artistes Plasticiens. La m\u00eame galerie vient annoncer sa nouvelle exposition d\u2019Ali Z\u00e9naidi qui sera organis\u00e9e incessamment. Ces deux derni\u00e8res galeries sont publiques.<\/span><\/span><\/p>\n<p class=\"p1 c8\"><span class=\"c4\"><span class=\"c3\">Quant aux galeries priv\u00e9es, la Galerie A\u00efn vient d\u2019achever sa derni\u00e8re exposition sur la photographie contemporaine et va bient\u00f4t enchainer avec une nouvelle exposition collective qui d\u00e9butera le samedi 24 octobre et r\u00e9unira trois artistes de renom dont Zohra Largu\u00e8che (aquarelliste), Hechmi Marzouk (sculpteur) et Mokhtar H\u00e9nene (peinture \u00e0 huile). Cette exposition se poursuivra jusqu\u2019au 12 novembre prochain. De m\u00eame, la Galerie Saladin de Sidi Bou Sa\u00efd, apr\u00e8s avoir achev\u00e9 l\u2019exposition en hommage \u00e0 l\u2019artiste Mongi Maatoug, intitul\u00e9e COVIDAR\u2019T, organis\u00e9e par l\u2019Association ART\u2019COT, vient d\u2019annoncer sa toute prochaine exposition intitul\u00e9e \u00ab Mindfulness \u00bb de l\u2019artiste Sawsen Laouiti, dont le vernissage se tiendra le samedi le 31 Octobre. Cette exposition se poursuivra jusqu\u2019au vendredi 15 Novembre. Une autre exposition collective intitul\u00e9e \u00ab Passion \u00bb est \u00e9galement attendue \u00e0 la Galerie Yahia (Palmarium) le samedi 24 octobre et r\u00e9unira jusqu\u2019au 15 novembre une pl\u00e9iade d\u2019artistes-peintres tunisiens. Ajoutons \u00e0 cela l\u2019exposition de l\u2019artiste-peintre Hamda Dniden qui se d\u00e9roule actuellement \u00e0 la Galerie Kalyst\u00e9 de la Soukra et qui se poursuit jusqu\u2019au 25 octobre. Voil\u00e0 donc une invitation \u00e0 tout le public passionn\u00e9 d\u2019arts plastiques \u00e0 se d\u00e9placer pour voir ces diff\u00e9rentes expositions artistiques, \u00e0 l\u2019heure o\u00f9 toutes les autres activit\u00e9s culturelles font d\u00e9faut, \u00e0 cause du coronavirus. Esp\u00e9rons que ces galeries, qui ont pr\u00e9f\u00e9r\u00e9 d\u00e9fier la pand\u00e9mie en poursuivant leurs activit\u00e9s, assureront aux visiteurs les conditions d\u2019hygi\u00e8ne n\u00e9cessaires pour la protection contre le COVID-19.<\/span><\/span><\/p>\n<p class=\"p2 c9\"><span class=\"c4\"><span class=\"c3\">H.K<\/span><\/span><\/p>\n<p>Auteur: letemps1<br \/>\n<a href=\"http:\/\/www.letemps.com.tn\/article\/117780\/faute-de-mieux-visitera-les-galeries\">Cliquez ici pour lire l&rsquo;article depuis sa source.<\/a><\/p>\n","protected":false},"excerpt":{"rendered":"<p>Le Temps &#8211; Hechmi KHALLADI Si les autorit\u00e9s ont annonc\u00e9 l\u2019annulation jusqu\u2019\u00e0 nouvel ordre de toutes les activit\u00e9s culturelles dans le pays pour \u00e9viter la propagation du coronavirus, plusieurs galeries d\u2019art, notamment dans le Grand Tunis demeurent ouvertes en cette p\u00e9riode de pand\u00e9mie tout en prenant des mesures pr\u00e9ventives.\u00a0 `En effet, certaines galeries, nationales ou [&hellip;]<\/p>\n","protected":false},"author":1773,"featured_media":0,"comment_status":"closed","ping_status":"closed","sticky":false,"template":"","format":"standard","meta":{"fifu_image_url":"","fifu_image_alt":"","footnotes":""},"categories":[73,55],"tags":[],"class_list":["post-102838","post","type-post","status-publish","format-standard","hentry","category-actualite","category-tunisie"],"_links":{"self":[{"href":"https:\/\/linitiative.ca\/International\/wp-json\/wp\/v2\/posts\/102838","targetHints":{"allow":["GET"]}}],"collection":[{"href":"https:\/\/linitiative.ca\/International\/wp-json\/wp\/v2\/posts"}],"about":[{"href":"https:\/\/linitiative.ca\/International\/wp-json\/wp\/v2\/types\/post"}],"author":[{"embeddable":true,"href":"https:\/\/linitiative.ca\/International\/wp-json\/wp\/v2\/users\/1773"}],"replies":[{"embeddable":true,"href":"https:\/\/linitiative.ca\/International\/wp-json\/wp\/v2\/comments?post=102838"}],"version-history":[{"count":0,"href":"https:\/\/linitiative.ca\/International\/wp-json\/wp\/v2\/posts\/102838\/revisions"}],"wp:attachment":[{"href":"https:\/\/linitiative.ca\/International\/wp-json\/wp\/v2\/media?parent=102838"}],"wp:term":[{"taxonomy":"category","embeddable":true,"href":"https:\/\/linitiative.ca\/International\/wp-json\/wp\/v2\/categories?post=102838"},{"taxonomy":"post_tag","embeddable":true,"href":"https:\/\/linitiative.ca\/International\/wp-json\/wp\/v2\/tags?post=102838"}],"curies":[{"name":"wp","href":"https:\/\/api.w.org\/{rel}","templated":true}]}}