{"id":102839,"date":"2020-10-26T12:00:00","date_gmt":"2020-10-26T16:00:00","guid":{"rendered":"https:\/\/linitiative.ca\/International\/au-moins-13-morts-et-30-blesses\/"},"modified":"2020-10-26T12:00:00","modified_gmt":"2020-10-26T16:00:00","slug":"au-moins-13-morts-et-30-blesses","status":"publish","type":"post","link":"https:\/\/linitiative.ca\/International\/au-moins-13-morts-et-30-blesses\/","title":{"rendered":"Au moins 13\u00a0morts et 30\u00a0bless\u00e9s"},"content":{"rendered":"<p class=\"p1 c3\"><span class=\"c2\">Au moins 13\u00a0personnes ont \u00e9t\u00e9 tu\u00e9es et 30 bless\u00e9es dans un attentat suicide commis hier contre un centre \u00e9ducatif de Kaboul, a annonc\u00e9 le minist\u00e8re afghan de l\u2019Int\u00e9rieur.<\/span><\/p>\n<p class=\"p1 c3\"><span class=\"c2\">L\u2019explosion s\u2019est produite en fin d\u2019apr\u00e8s-midi pr\u00e8s d\u2019un \u00e9tablissement proposant des formations pour \u00e9tudiants, dans un district de l\u2019ouest de la capitale, a d\u00e9clar\u00e9 Tareq Arian, porte-parole du minist\u00e8re.<\/span><\/p>\n<p class=\"p1 c3\"><span class=\"c2\">\u00ab\u00a0Un kamikaze qui voulait entrer dans le centre \u00e9ducatif a \u00e9t\u00e9 identifi\u00e9 par des gardes. Il s\u2019est fait exploser dans l\u2019all\u00e9e menant au centre, avant de pouvoir y entrer\u00a0\u00bb, a-t-il d\u00e9taill\u00e9.<\/span><\/p>\n<p class=\"p1 c3\"><span class=\"c2\">Treize personnes ont \u00e9t\u00e9 tu\u00e9es et 30\u00a0bless\u00e9es, a indiqu\u00e9 M.\u00a0Arian, qui avait pr\u00e9c\u00e9demment fait \u00e9tat de 10\u00a0morts et 20\u00a0bless\u00e9s.<\/span><\/p>\n<p class=\"p1 c3\"><span class=\"c2\">Les talibans, via leur porte-parole Zabihullah Mudjahid, ont tweet\u00e9 n\u2019avoir \u00ab\u00a0aucun lien\u00a0\u00bb avec l\u2019attentat.<\/span><\/p>\n<p class=\"p1 c3\"><span class=\"c2\">Une vid\u00e9o prise sur les lieux de l\u2019attaque et diffus\u00e9e sur les r\u00e9seaux sociaux montre plusieurs cadavres recouverts de couvertures gisant dans une rue en terre, alors que des bless\u00e9s sont transport\u00e9s hors des lieux.<\/span><\/p>\n<p class=\"p1 c3\"><span class=\"c2\">Un employ\u00e9 du centre a confirm\u00e9 que l\u2019explosion \u00e9tait survenue dans le stationnement de l\u2019\u00e9tablissement.<\/span><\/p>\n<p class=\"p1 c3\"><span class=\"c2\">\u00ab\u00a0J\u2019\u00e9tais \u00e0 100\u00a0m\u00e8tres du centre quand une explosion m\u2019a projet\u00e9 \u00e0 terre. Il y avait de la poussi\u00e8re et de la fum\u00e9e partout autour de moi\u00a0\u00bb, a racont\u00e9 \u00e0 l\u2019AFP Ali Reza, un habitant du quartier, ajoutant que \u00ab\u00a0toutes les victimes sont des \u00e9tudiants qui attendaient d\u2019entrer\u00a0\u00bb dans l\u2019\u00e9tablissement.<\/span><\/p>\n<p class=\"p1 c3\"><span class=\"c2\">L\u2019ouest de Kaboul est majoritairement peupl\u00e9 de Hazaras, une ethnie presque uniquement chiite, r\u00e9guli\u00e8rement cibl\u00e9e par le groupe \u00c9tat islamique.<\/span><\/p>\n<p class=\"p1 c3\"><span class=\"c2\">Mi-mai, des hommes arm\u00e9s avaient fait un carnage dans une maternit\u00e9 de la zone, tuant 18\u00a0personnes, dont des m\u00e8res pr\u00eates \u00e0 accoucher et des infirmi\u00e8res. L\u2019assaut n\u2019avait pas \u00e9t\u00e9 revendiqu\u00e9. L\u2019Afghanistan conna\u00eet une mont\u00e9e de la violence, alors que les talibans et le gouvernement de Kaboul ont entam\u00e9 en septembre des pourparlers \u00e0 Doha visant \u00e0 mettre fin \u00e0 des d\u00e9cennies de guerre, pour l\u2019instant sans grandes avanc\u00e9es.<\/span><\/p>\n<p class=\"p1 c3\"><span class=\"c2\">Plus t\u00f4t dans la journ\u00e9e, neuf personnes ont \u00e9t\u00e9 tu\u00e9es par l\u2019explosion d\u2019une bombe au passage d\u2019un car dans l\u2019est du pays, selon des responsables locaux qui ont accus\u00e9 les talibans. Vendredi, Amnistie internationale a d\u00e9plor\u00e9 au moins 50\u00a0morts la semaine pr\u00e9c\u00e9dente dans plusieurs attaques, accusant Kaboul et les insurg\u00e9s de ne pas prot\u00e9ger suffisamment les civils.<\/span><\/p>\n<p class=\"p1 c3\"><span class=\"c2\">\u00ab\u00a0Le monde doit prendre en consid\u00e9ration\u00a0\u00bb le fait que \u00ab\u00a0les civils afghans sont massacr\u00e9s quotidiennement\u00a0\u00bb, a d\u00e9clar\u00e9 Omar Waraich, son responsable en Asie du sud.<\/span><\/p>\n<p class=\"p1 c3\"><span class=\"c2\">\u00ab\u00a0La communaut\u00e9 internationale doit faire de la protection des civils une demande centrale pour son soutien du processus de paix\u00a0\u00bb, a-t-il poursuivi.<\/span><\/p>\n<p class=\"p1 c3\"><span class=\"c2\">Le 16\u00a0octobre, l\u2019\u00e9missaire am\u00e9ricain pour l\u2019Afghanistan, Zalmay Khalilzad, avait d\u00e9clar\u00e9 que les \u00c9tats-Unis \u00e9taient parvenus \u00e0 une entente avec les talibans pour arriver \u00e0 \u00ab\u00a0une baisse significative\u00a0\u00bb du nombre de morts dus \u00e0 la violence persistante malgr\u00e9 le processus de paix. \u00ab\u00a0Les attaques ont augment\u00e9 ces derni\u00e8res semaines, mena\u00e7ant le processus de paix\u00a0\u00bb, avait tweet\u00e9 le diplomate, appelant \u00ab\u00a0toutes les parties\u00a0\u00bb \u00e0 tenir leurs engagements.<\/span><\/p>\n<p class=\"p1 c3\"><span class=\"c2\">Kaboul demande depuis des ann\u00e9es un cessez-le-feu aux talibans, que ceux-ci refusent d\u2019envisager, craignant de perdre l\u2019un de leurs leviers les plus importants dans le cadre de n\u00e9gociations.<\/span><\/p>\n<p>Auteur: letemps1<br \/>\n<a href=\"http:\/\/www.letemps.com.tn\/article\/117781\/au-moins-13%C2%A0morts-et-30%C2%A0bless%C3%A9s\">Cliquez ici pour lire l&rsquo;article depuis sa source.<\/a><\/p>\n","protected":false},"excerpt":{"rendered":"<p>Au moins 13\u00a0personnes ont \u00e9t\u00e9 tu\u00e9es et 30 bless\u00e9es dans un attentat suicide commis hier contre un centre \u00e9ducatif de Kaboul, a annonc\u00e9 le minist\u00e8re afghan de l\u2019Int\u00e9rieur. L\u2019explosion s\u2019est produite en fin d\u2019apr\u00e8s-midi pr\u00e8s d\u2019un \u00e9tablissement proposant des formations pour \u00e9tudiants, dans un district de l\u2019ouest de la capitale, a d\u00e9clar\u00e9 Tareq Arian, porte-parole [&hellip;]<\/p>\n","protected":false},"author":1773,"featured_media":0,"comment_status":"closed","ping_status":"closed","sticky":false,"template":"","format":"standard","meta":{"fifu_image_url":"","fifu_image_alt":"","footnotes":""},"categories":[73,55],"tags":[],"class_list":["post-102839","post","type-post","status-publish","format-standard","hentry","category-actualite","category-tunisie"],"_links":{"self":[{"href":"https:\/\/linitiative.ca\/International\/wp-json\/wp\/v2\/posts\/102839","targetHints":{"allow":["GET"]}}],"collection":[{"href":"https:\/\/linitiative.ca\/International\/wp-json\/wp\/v2\/posts"}],"about":[{"href":"https:\/\/linitiative.ca\/International\/wp-json\/wp\/v2\/types\/post"}],"author":[{"embeddable":true,"href":"https:\/\/linitiative.ca\/International\/wp-json\/wp\/v2\/users\/1773"}],"replies":[{"embeddable":true,"href":"https:\/\/linitiative.ca\/International\/wp-json\/wp\/v2\/comments?post=102839"}],"version-history":[{"count":0,"href":"https:\/\/linitiative.ca\/International\/wp-json\/wp\/v2\/posts\/102839\/revisions"}],"wp:attachment":[{"href":"https:\/\/linitiative.ca\/International\/wp-json\/wp\/v2\/media?parent=102839"}],"wp:term":[{"taxonomy":"category","embeddable":true,"href":"https:\/\/linitiative.ca\/International\/wp-json\/wp\/v2\/categories?post=102839"},{"taxonomy":"post_tag","embeddable":true,"href":"https:\/\/linitiative.ca\/International\/wp-json\/wp\/v2\/tags?post=102839"}],"curies":[{"name":"wp","href":"https:\/\/api.w.org\/{rel}","templated":true}]}}