{"id":102840,"date":"2020-10-26T12:00:00","date_gmt":"2020-10-26T16:00:00","guid":{"rendered":"https:\/\/linitiative.ca\/International\/encore-des-combats-au-haut-karabakh\/"},"modified":"2020-10-26T12:00:00","modified_gmt":"2020-10-26T16:00:00","slug":"encore-des-combats-au-haut-karabakh","status":"publish","type":"post","link":"https:\/\/linitiative.ca\/International\/encore-des-combats-au-haut-karabakh\/","title":{"rendered":"Encore des combats au Haut-Karabakh"},"content":{"rendered":"<p class=\"p1 c3\"><span class=\"c2\">Les combats se poursuivent hier dans le Haut-Karabakh au lendemain d\u2019une m\u00e9diation tent\u00e9e par les Etats-Unis, selon le minist\u00e8re azerba\u00efdnais de la D\u00e9fense.<\/span><\/p>\n<p class=\"p1 c3\"><span class=\"c2\">Le minist\u00e8re a fait \u00e9tat de combats dans et autour de l\u2019enclave azerba\u00efdjanaise, o\u00f9 un conflit oppose Bakou aux s\u00e9paratistes arm\u00e9niens depuis trente ans.<\/span><\/p>\n<p class=\"p1 c3\"><span class=\"c2\">Des responsables locaux ont accus\u00e9 les forces azerba\u00efdjnaises d\u2019avoir bombard\u00e9 des b\u00e2timents \u00e0 Stepanakert, la plus grande ville de l\u2019enclave, ce que Bakou a d\u00e9menti.<\/span><\/p>\n<p class=\"p1 c3\"><span class=\"c2\">Le secr\u00e9taire d\u2019Etat am\u00e9ricain Mike Pompeo a re\u00e7u s\u00e9par\u00e9ment vendredi \u00e0 Washington les chefs de la diplomatie arm\u00e9nien et azerba\u00efdjanais.<\/span><\/p>\n<p class=\"p1 c3\"><span class=\"c2\">Les Etats-Unis, la Russie et la France copr\u00e9sident le groupe de Minsk, charg\u00e9 par l\u2019OSCE (Organisation pour la s\u00e9curit\u00e9 et la coop\u00e9ration en Europe) d\u2019une m\u00e9diation dans ce conflit.<\/span><\/p>\n<p class=\"p1 c3\"><span class=\"c2\">Gel\u00e9e depuis des ann\u00e9es, la guerre a repris le 27 septembre et deux cessez-le-feu conclus sous l\u2019\u00e9gide de Moscou ont \u00e9t\u00e9 ignor\u00e9s par les bellig\u00e9rants.<\/span><\/p>\n<p class=\"p1 c3\"><span class=\"c2\">Les combats auraient d\u00e9j\u00e0 fait pr\u00e8s de 5.000 morts depuis la reprise des affrontements, selon Vladimir Poutine.<\/span><\/p>\n<p>Auteur: letemps1<br \/>\n<a href=\"http:\/\/www.letemps.com.tn\/article\/117782\/encore-des-combats-au-haut-karabakh\">Cliquez ici pour lire l&rsquo;article depuis sa source.<\/a><\/p>\n","protected":false},"excerpt":{"rendered":"<p>Les combats se poursuivent hier dans le Haut-Karabakh au lendemain d\u2019une m\u00e9diation tent\u00e9e par les Etats-Unis, selon le minist\u00e8re azerba\u00efdnais de la D\u00e9fense. Le minist\u00e8re a fait \u00e9tat de combats dans et autour de l\u2019enclave azerba\u00efdjanaise, o\u00f9 un conflit oppose Bakou aux s\u00e9paratistes arm\u00e9niens depuis trente ans. Des responsables locaux ont accus\u00e9 les forces azerba\u00efdjnaises [&hellip;]<\/p>\n","protected":false},"author":1773,"featured_media":0,"comment_status":"closed","ping_status":"closed","sticky":false,"template":"","format":"standard","meta":{"fifu_image_url":"","fifu_image_alt":"","footnotes":""},"categories":[73,55],"tags":[],"class_list":["post-102840","post","type-post","status-publish","format-standard","hentry","category-actualite","category-tunisie"],"_links":{"self":[{"href":"https:\/\/linitiative.ca\/International\/wp-json\/wp\/v2\/posts\/102840","targetHints":{"allow":["GET"]}}],"collection":[{"href":"https:\/\/linitiative.ca\/International\/wp-json\/wp\/v2\/posts"}],"about":[{"href":"https:\/\/linitiative.ca\/International\/wp-json\/wp\/v2\/types\/post"}],"author":[{"embeddable":true,"href":"https:\/\/linitiative.ca\/International\/wp-json\/wp\/v2\/users\/1773"}],"replies":[{"embeddable":true,"href":"https:\/\/linitiative.ca\/International\/wp-json\/wp\/v2\/comments?post=102840"}],"version-history":[{"count":0,"href":"https:\/\/linitiative.ca\/International\/wp-json\/wp\/v2\/posts\/102840\/revisions"}],"wp:attachment":[{"href":"https:\/\/linitiative.ca\/International\/wp-json\/wp\/v2\/media?parent=102840"}],"wp:term":[{"taxonomy":"category","embeddable":true,"href":"https:\/\/linitiative.ca\/International\/wp-json\/wp\/v2\/categories?post=102840"},{"taxonomy":"post_tag","embeddable":true,"href":"https:\/\/linitiative.ca\/International\/wp-json\/wp\/v2\/tags?post=102840"}],"curies":[{"name":"wp","href":"https:\/\/api.w.org\/{rel}","templated":true}]}}