{"id":102841,"date":"2020-10-26T12:00:00","date_gmt":"2020-10-26T16:00:00","guid":{"rendered":"https:\/\/linitiative.ca\/International\/malek-jaziri-au-2eme-tour-du-tableau-de-qualifications\/"},"modified":"2020-10-26T12:00:00","modified_gmt":"2020-10-26T16:00:00","slug":"malek-jaziri-au-2eme-tour-du-tableau-de-qualifications","status":"publish","type":"post","link":"https:\/\/linitiative.ca\/International\/malek-jaziri-au-2eme-tour-du-tableau-de-qualifications\/","title":{"rendered":"Malek Jaziri au 2\u00e8me  tour du tableau de qualifications"},"content":{"rendered":"<p class=\"p1 c3\"><span class=\"c2\">Le joueur de tennis tunisien Malek Jaziri s\u2019est qualifi\u00e9 hier, pour le deuxi\u00e8me tour du tableau de qualifications du Tournoi de Marbella en Espagne, en battant l\u2019Espagnol Roberto Ortega-Olmedo (283e mondial), en deux sets (6-4, 6-2).<\/span><\/p>\n<p class=\"p1 c3\"><span class=\"c2\">Jaziri affrontera au prochain tour le vainqueur du match entre le bulgare DimitarKuzmanov (298e) et l\u2019italien Riccardo Bonadio (289e).<\/span><\/p>\n<p class=\"p1 c3\"><span class=\"c2\">Le Tunisien (36 ans) rappelle-t-on avait gagn\u00e9 12 places au classement ATP pour occuper la 239\u00e8me position apr\u00e8s avoir atteint les huiti\u00e8mes de finale du tournoi d\u2019Alicante (Espagne).<\/span><\/p>\n<p>Auteur: letemps1<br \/>\n<a href=\"http:\/\/www.letemps.com.tn\/article\/117783\/malek-jaziri-au-2%C3%A8me-tour-du-tableau-de-qualifications\">Cliquez ici pour lire l&rsquo;article depuis sa source.<\/a><\/p>\n","protected":false},"excerpt":{"rendered":"<p>Le joueur de tennis tunisien Malek Jaziri s\u2019est qualifi\u00e9 hier, pour le deuxi\u00e8me tour du tableau de qualifications du Tournoi de Marbella en Espagne, en battant l\u2019Espagnol Roberto Ortega-Olmedo (283e mondial), en deux sets (6-4, 6-2). Jaziri affrontera au prochain tour le vainqueur du match entre le bulgare DimitarKuzmanov (298e) et l\u2019italien Riccardo Bonadio (289e). [&hellip;]<\/p>\n","protected":false},"author":1773,"featured_media":0,"comment_status":"closed","ping_status":"closed","sticky":false,"template":"","format":"standard","meta":{"fifu_image_url":"","fifu_image_alt":"","footnotes":""},"categories":[73,55],"tags":[],"class_list":["post-102841","post","type-post","status-publish","format-standard","hentry","category-actualite","category-tunisie"],"_links":{"self":[{"href":"https:\/\/linitiative.ca\/International\/wp-json\/wp\/v2\/posts\/102841","targetHints":{"allow":["GET"]}}],"collection":[{"href":"https:\/\/linitiative.ca\/International\/wp-json\/wp\/v2\/posts"}],"about":[{"href":"https:\/\/linitiative.ca\/International\/wp-json\/wp\/v2\/types\/post"}],"author":[{"embeddable":true,"href":"https:\/\/linitiative.ca\/International\/wp-json\/wp\/v2\/users\/1773"}],"replies":[{"embeddable":true,"href":"https:\/\/linitiative.ca\/International\/wp-json\/wp\/v2\/comments?post=102841"}],"version-history":[{"count":0,"href":"https:\/\/linitiative.ca\/International\/wp-json\/wp\/v2\/posts\/102841\/revisions"}],"wp:attachment":[{"href":"https:\/\/linitiative.ca\/International\/wp-json\/wp\/v2\/media?parent=102841"}],"wp:term":[{"taxonomy":"category","embeddable":true,"href":"https:\/\/linitiative.ca\/International\/wp-json\/wp\/v2\/categories?post=102841"},{"taxonomy":"post_tag","embeddable":true,"href":"https:\/\/linitiative.ca\/International\/wp-json\/wp\/v2\/tags?post=102841"}],"curies":[{"name":"wp","href":"https:\/\/api.w.org\/{rel}","templated":true}]}}