{"id":102842,"date":"2020-10-26T12:00:00","date_gmt":"2020-10-26T16:00:00","guid":{"rendered":"https:\/\/linitiative.ca\/International\/mbappe-au-real-madrid-meme-sans-zidane\/"},"modified":"2020-10-26T12:00:00","modified_gmt":"2020-10-26T16:00:00","slug":"mbappe-au-real-madrid-meme-sans-zidane","status":"publish","type":"post","link":"https:\/\/linitiative.ca\/International\/mbappe-au-real-madrid-meme-sans-zidane\/","title":{"rendered":"Mbapp\u00e9 au Real Madrid m\u00eame sans Zidane ?"},"content":{"rendered":"<p class=\"p1 c3\"><span class=\"c2\">Zin\u00e9dine Zidane est en d\u00e9licatesse en ce d\u00e9but de saison.\u00a0L\u2019entra\u00eeneur fran\u00e7ais serait m\u00eame sur la sellette\u00a0en raison des mauvais r\u00e9sultats de son \u00e9quipe &#8211; une d\u00e9faite (0-1) face \u00e0 Cadix en championnat et une contre le Shakhtar (2-3) en Ligue des champions &#8211; rapportait TVE cette semaine. Certains pensaient qu\u2019un d\u00e9part du technicien tricolore pouvait compliquer le projet des Merengue de recruter Kylian Mbapp\u00e9 \u00e0 l\u2019\u00e9t\u00e9 2021 ; l\u2019attaquant parisien \u00e9tant un grand admirateur de \u00abZizou\u00bb. Cependant,\u00a0AS, qui cite des sources proches du joueur, affirme que l\u2019arriv\u00e9e du champion du Monde 2018 n\u2019est pas conditionn\u00e9e \u00e0 l\u2019avenir du technicien madril\u00e8ne. En r\u00e9sum\u00e9, m\u00eame si Zin\u00e9dine Zidane venait \u00e0 partir, Kylian Mbapp\u00e9 d\u00e9barquerait bien \u00e0 Madrid dans quelques mois d\u2019apr\u00e8s le quotidien espagnol. Pour rappel, l\u2019ex-joueur de l\u2019AS Monaco n\u2019a toujours pas prolong\u00e9 avec le PSG et sera dans sa derni\u00e8re ann\u00e9e de contrat \u00e0 partir de juin prochain.<\/span><\/p>\n<p class=\"p2 c4\"><span class=\"c2\"><span class=\"Apple-converted-space\">\u00a0<\/span><\/span><\/p>\n<p class=\"p3 c5\"><span class=\"c2\"><strong>Stevanovic \u00e0 Man. City cet hiver ?<\/strong><\/span><\/p>\n<p class=\"p1 c3\"><span class=\"c2\">Les Citizens travaillent d\u00e9j\u00e0 sur le mercato hivernal. Le\u00a0Manchester Evening News\u00a0r\u00e9v\u00e8le que Manchester City serait tout proche d\u2019un accord avec le Partizan Belgrade pour le transfert de Filip Stevanovic, l\u2019ailier de 18 ans, en janvier prochain. Le m\u00e9dia britannique \u00e9voque une op\u00e9ration autour de 6,5 millions d\u2019euros. Cette saison, l\u2019attaquant a inscrit 3 buts et d\u00e9livr\u00e9 2 passes d\u00e9cisives en 10 apparitions dans le championnat serbe.<\/span><\/p>\n<p class=\"p4 c6\">\u00a0<\/p>\n<p class=\"p3 c5\"><span class=\"c2\"><strong>Ryad Boudebouz reste<span class=\"Apple-converted-space\">\u00a0<\/span><\/strong><\/span><\/p>\n<p class=\"p3 c5\"><span class=\"c2\"><strong>\u00e0 Saint-Etienne<\/strong><\/span><\/p>\n<p class=\"p1 c3\"><span class=\"c2\">Annonc\u00e9 du c\u00f4t\u00e9 du Qatar, au Qatar Sports Club, Ryad Boudebouz avait pris un avion mardi pour rejoindre Doha afin de finaliser son transfert au sein du club qatari. Cependant, comme le rapporte\u00a0L\u2019\u00c9quipe, le meneur de jeu de Saint-Etienne n\u2019est pas parvenu \u00e0 trouver un accord avec les dirigeants. Les n\u00e9gociations auraient \u00abbut\u00e9 sur les pr\u00e9tentions salariales du joueur\u00bb pr\u00e9cise le quotidien sportif. L\u2019Alg\u00e9rien de 30 ans est donc rentr\u00e9 \u00e0 l\u2019ASSE, o\u00f9 Claude Puel ne compte pas sur lui. Il pourrait bien quitter le Forez lors du prochain mercato estival.<\/span><\/p>\n<p class=\"p4 c6\">\u00a0<\/p>\n<p class=\"p3 c5\"><span class=\"c2\"><strong>Romain Amalfitano vers Al-Faisaly<\/strong><\/span><\/p>\n<p class=\"p1 c3\"><span class=\"c2\">\u00c0 31 ans et dans la derni\u00e8re ann\u00e9e de son contrat, Romain Amalfitano pourrait changer d\u2019air.\u00a0Bien Publicaffirme que le milieu de terrain polyvalent de Dijon devrait bient\u00f4t rejoindre l\u2019Arabie Saoudite pour s\u2019engager avec le club d\u2019Al-Faisaly. Romain Amalfitano est un joueur du DFCO depuis 2014 (il y avait aussi \u00e9t\u00e9 pr\u00eat\u00e9 par Newcastle en 2013-2014). Cette saison, il a pris part \u00e0 2 rencontres de Ligue 1.<\/span><\/p>\n<p>Auteur: letemps1<br \/>\n<a href=\"http:\/\/www.letemps.com.tn\/article\/117784\/mbapp%C3%A9-au-real-madrid-m%C3%AAme-sans-zidane\">Cliquez ici pour lire l&rsquo;article depuis sa source.<\/a><\/p>\n","protected":false},"excerpt":{"rendered":"<p>Zin\u00e9dine Zidane est en d\u00e9licatesse en ce d\u00e9but de saison.\u00a0L\u2019entra\u00eeneur fran\u00e7ais serait m\u00eame sur la sellette\u00a0en raison des mauvais r\u00e9sultats de son \u00e9quipe &#8211; une d\u00e9faite (0-1) face \u00e0 Cadix en championnat et une contre le Shakhtar (2-3) en Ligue des champions &#8211; rapportait TVE cette semaine. Certains pensaient qu\u2019un d\u00e9part du technicien tricolore pouvait [&hellip;]<\/p>\n","protected":false},"author":1773,"featured_media":0,"comment_status":"closed","ping_status":"closed","sticky":false,"template":"","format":"standard","meta":{"fifu_image_url":"","fifu_image_alt":"","footnotes":""},"categories":[73,55],"tags":[],"class_list":["post-102842","post","type-post","status-publish","format-standard","hentry","category-actualite","category-tunisie"],"_links":{"self":[{"href":"https:\/\/linitiative.ca\/International\/wp-json\/wp\/v2\/posts\/102842","targetHints":{"allow":["GET"]}}],"collection":[{"href":"https:\/\/linitiative.ca\/International\/wp-json\/wp\/v2\/posts"}],"about":[{"href":"https:\/\/linitiative.ca\/International\/wp-json\/wp\/v2\/types\/post"}],"author":[{"embeddable":true,"href":"https:\/\/linitiative.ca\/International\/wp-json\/wp\/v2\/users\/1773"}],"replies":[{"embeddable":true,"href":"https:\/\/linitiative.ca\/International\/wp-json\/wp\/v2\/comments?post=102842"}],"version-history":[{"count":0,"href":"https:\/\/linitiative.ca\/International\/wp-json\/wp\/v2\/posts\/102842\/revisions"}],"wp:attachment":[{"href":"https:\/\/linitiative.ca\/International\/wp-json\/wp\/v2\/media?parent=102842"}],"wp:term":[{"taxonomy":"category","embeddable":true,"href":"https:\/\/linitiative.ca\/International\/wp-json\/wp\/v2\/categories?post=102842"},{"taxonomy":"post_tag","embeddable":true,"href":"https:\/\/linitiative.ca\/International\/wp-json\/wp\/v2\/tags?post=102842"}],"curies":[{"name":"wp","href":"https:\/\/api.w.org\/{rel}","templated":true}]}}