{"id":102857,"date":"2020-10-26T11:06:00","date_gmt":"2020-10-26T15:06:00","guid":{"rendered":"https:\/\/linitiative.ca\/International\/sidi-bel-abbes-une-hyene-rayee-decouverte-morte-sur-la-rn13\/"},"modified":"2020-10-26T11:06:00","modified_gmt":"2020-10-26T15:06:00","slug":"sidi-bel-abbes-une-hyene-rayee-decouverte-morte-sur-la-rn13","status":"publish","type":"post","link":"https:\/\/linitiative.ca\/International\/sidi-bel-abbes-une-hyene-rayee-decouverte-morte-sur-la-rn13\/","title":{"rendered":"SIDI BEL ABBES : Une hy\u00e8ne ray\u00e9e d\u00e9couverte morte sur la RN13"},"content":{"rendered":"<p><br id=\"sep_para_1\" class=\"sep_para access\"\/><\/p>\n<div id=\"para_1\" class=\"para_39192114 resize\">\n<div class=\"texte access firstletter\">Les agents de la conservation des for\u00eats, ont \u00e9t\u00e9 alert\u00e9s\u00a0 de la pr\u00e9sence d&rsquo;un cadavre d\u2019une hy\u00e8ne ray\u00e9e au\u00a0 bord de la route nationale 13, reliant Sidi Bel Abb\u00e8s \u00e0 T\u00e9lagh, apprend-on d&rsquo;une source fiable .Apr\u00e8s avoir pris toutes les dispositions n\u00e9cessaires, notamment avec la justice, les forestiers ont\u00a0 rejoint\u00a0\u00a0 les lieux en compagnie\u00a0 des\u00a0 services concern\u00e9s et proc\u00e9d\u00e9 aux constatations d&rsquo;usage sur\u00a0 l\u2019animal qui s&rsquo;est rar\u00e9fi\u00e9\u00a0 ces derniers temps et demeure \u00e0 nos jours prot\u00e9g\u00e9 par la loi. Son cadavre a \u00e9t\u00e9 incin\u00e9r\u00e9 et\u00a0 mis dans une fosse\u00a0 profonde, coupant ainsi court \u00e0 toutes les convoitises mal\u00e9fiques.\u00a0 C&rsquo;est la seconde r\u00e9apparition de ce type d&rsquo;animal dans cette\u00a0 partie sud de Sidi Bel Abb\u00e8s, apr\u00e8s celle de juin 2020 , o\u00f9 une hy\u00e8ne aurait \u00e9t\u00e9\u00a0 aper\u00e7ue au sud-est de Sidi Bel Abb\u00e8s.\u00a0\u00a0\u00a0\u00a0\u00a0\u00a0\u00a0\u00a0\u00a0\u00a0\u00a0\u00a0\u00a0\u00a0\u00a0<\/div>\n<\/div>\n<p>Auteur: Noui Moussa<br \/>\n<a href=\"https:\/\/www.reflexiondz.net\/SIDI-BEL-ABBES-Une-hyene-rayee-decouverte-morte-sur-la-RN13_a66012.html\">Cliquez ici pour lire l&rsquo;article depuis sa source.<\/a><\/p>\n","protected":false},"excerpt":{"rendered":"<p>Les agents de la conservation des for\u00eats, ont \u00e9t\u00e9 alert\u00e9s\u00a0 de la pr\u00e9sence d&rsquo;un cadavre d\u2019une hy\u00e8ne ray\u00e9e au\u00a0 bord de la route nationale 13, reliant Sidi Bel Abb\u00e8s \u00e0 T\u00e9lagh, apprend-on d&rsquo;une source fiable .Apr\u00e8s avoir pris toutes les dispositions n\u00e9cessaires, notamment avec la justice, les forestiers ont\u00a0 rejoint\u00a0\u00a0 les lieux en compagnie\u00a0 des\u00a0 [&hellip;]<\/p>\n","protected":false},"author":1740,"featured_media":0,"comment_status":"closed","ping_status":"closed","sticky":false,"template":"","format":"standard","meta":{"fifu_image_url":"","fifu_image_alt":"","footnotes":""},"categories":[53,76],"tags":[],"class_list":["post-102857","post","type-post","status-publish","format-standard","hentry","category-algerie","category-regions"],"_links":{"self":[{"href":"https:\/\/linitiative.ca\/International\/wp-json\/wp\/v2\/posts\/102857","targetHints":{"allow":["GET"]}}],"collection":[{"href":"https:\/\/linitiative.ca\/International\/wp-json\/wp\/v2\/posts"}],"about":[{"href":"https:\/\/linitiative.ca\/International\/wp-json\/wp\/v2\/types\/post"}],"author":[{"embeddable":true,"href":"https:\/\/linitiative.ca\/International\/wp-json\/wp\/v2\/users\/1740"}],"replies":[{"embeddable":true,"href":"https:\/\/linitiative.ca\/International\/wp-json\/wp\/v2\/comments?post=102857"}],"version-history":[{"count":0,"href":"https:\/\/linitiative.ca\/International\/wp-json\/wp\/v2\/posts\/102857\/revisions"}],"wp:attachment":[{"href":"https:\/\/linitiative.ca\/International\/wp-json\/wp\/v2\/media?parent=102857"}],"wp:term":[{"taxonomy":"category","embeddable":true,"href":"https:\/\/linitiative.ca\/International\/wp-json\/wp\/v2\/categories?post=102857"},{"taxonomy":"post_tag","embeddable":true,"href":"https:\/\/linitiative.ca\/International\/wp-json\/wp\/v2\/tags?post=102857"}],"curies":[{"name":"wp","href":"https:\/\/api.w.org\/{rel}","templated":true}]}}