{"id":102866,"date":"2020-10-26T06:00:00","date_gmt":"2020-10-26T10:00:00","guid":{"rendered":"https:\/\/linitiative.ca\/International\/lui-ne-sexcusera-pas\/"},"modified":"2020-10-26T06:00:00","modified_gmt":"2020-10-26T10:00:00","slug":"lui-ne-sexcusera-pas","status":"publish","type":"post","link":"https:\/\/linitiative.ca\/International\/lui-ne-sexcusera-pas\/","title":{"rendered":"Lui ne s\u2019excusera pas !"},"content":{"rendered":"<p class=\"c4\">Les autorit\u00e9s ont un programme charg\u00e9 ! Dimanche, Conseil des ministres. Lundi, Conseil du gouvernement. Mardi et mercredi, sorties sur le terrain et conf\u00e9rences de presse. Et le jeudi est consacr\u00e9 aux\u2026<\/p>\n<p><strong>\u2026 excuses-vid\u00e9o apr\u00e8s les d\u00e9rapages !\u00a0<\/strong><\/p>\n<p>Les chiffres des contaminations au Covid-19 s\u2019enflamment en D\u00e9z\u00e9die. Mais ce n\u2019est pas ce qui m\u2019inqui\u00e8te le plus. Les laboratoires publics et priv\u00e9s avouent du bout des l\u00e8vres que leurs courbes, sch\u00e9mas et projections mod\u00e9lis\u00e9es pointent inexorablement vers le haut. Mais ce n\u2019est pas ce qui me pousse le plus \u00e0 la panique. Mes concitoyennes et concitoyens respectent de moins en moins les mesures barri\u00e8res, quant aux r\u00e8gles de distanciation physique, je ne te dis pas ! Mais ce n\u2019est pas ce qui me noue franchement l\u2019estomac. De nouveaux clusters appara\u00eessent \u00e0 la pelle, et d\u2019anciens se r\u00e9activent. Mais ce n\u2019est pas ce qui me taraude en priorit\u00e9. D\u00e9j\u00e0, des h\u00f4pitaux ont re\u00e7u consigne de d\u00e9gager des ailes pour les \u00abaccueils Covid\u00bb. Mais ce n\u2019est pas ce qui me perturbe r\u00e9ellement. Non ! Ce qui me fait peur et me d\u00e9stabilise aux tr\u00e9fonds, c\u2019est que le m\u00e9chant virus a une particularit\u00e9 terrible ! Oui ! Terrible, par les temps qui courent. Il ne fera jamais de vid\u00e9o pour s\u2019excuser aupr\u00e8s des d\u00e9z\u00e9diennes et des d\u00e9z\u00e9diens ! Et l\u00e0, c\u2019est la vraie panique ! Parce que des virus qui d\u00e9connent, mais qui, ensuite pr\u00e9sentent des excuses publiques, on sait encore g\u00e9rer, on est habitu\u00e9s et on peut anticiper tranquillement sur le contenu de leurs vid\u00e9os, les tr\u00e9molos dans la voix des repentis du d\u00e9rapage et les visages contrits sur commande. \u00c7a, on sait faire ! Mais le coronavirus \u2014 et je le tiens de son entourage proche \u2014 ne compte pas nous pr\u00e9senter d\u2019excuses. Comment allons-nous faire, Ya A\u00e2djaba\u2008? Sans clip vid\u00e9o d\u2019excuses officielles dans lequel on verrait le Covid-19, t\u00eate basse, bafouiller, crachouiller et postillonner de plates excuses pour nous avoir pourri la vie, comment \u00e9teindre le feu viral ? Vous comprenez maintenant ma panique ? Et vous r\u00e9alisez l\u2019\u00e9tendue de la t\u00e2che convaincre le coronavirus de faire une vid\u00e9o de contrition ! Autant alors lui demander \u00e0 ce foutu virus de fumer aussi du th\u00e9 pour rester \u00e9veill\u00e9 \u00e0 notre cauchemar qui continue !<br \/><em><strong>H. L.\u00a0<\/strong><\/em><br \/>\u00a0<\/p>\n<p>Auteur:<br \/>\n<a href=\"https:\/\/www.lesoirdalgerie.com\/pousse-avec-eux\/lui-ne-sexcusera-pas-50308\">Cliquez ici pour lire l&rsquo;article depuis sa source.<\/a><\/p>\n","protected":false},"excerpt":{"rendered":"<p>Les autorit\u00e9s ont un programme charg\u00e9 ! Dimanche, Conseil des ministres. Lundi, Conseil du gouvernement. Mardi et mercredi, sorties sur le terrain et conf\u00e9rences de presse. Et le jeudi est consacr\u00e9 aux\u2026 \u2026 excuses-vid\u00e9o apr\u00e8s les d\u00e9rapages !\u00a0 Les chiffres des contaminations au Covid-19 s\u2019enflamment en D\u00e9z\u00e9die. Mais ce n\u2019est pas ce qui m\u2019inqui\u00e8te le [&hellip;]<\/p>\n","protected":false},"author":1741,"featured_media":0,"comment_status":"closed","ping_status":"closed","sticky":false,"template":"","format":"standard","meta":{"fifu_image_url":"","fifu_image_alt":"","footnotes":""},"categories":[73,53],"tags":[],"class_list":["post-102866","post","type-post","status-publish","format-standard","hentry","category-actualite","category-algerie"],"_links":{"self":[{"href":"https:\/\/linitiative.ca\/International\/wp-json\/wp\/v2\/posts\/102866","targetHints":{"allow":["GET"]}}],"collection":[{"href":"https:\/\/linitiative.ca\/International\/wp-json\/wp\/v2\/posts"}],"about":[{"href":"https:\/\/linitiative.ca\/International\/wp-json\/wp\/v2\/types\/post"}],"author":[{"embeddable":true,"href":"https:\/\/linitiative.ca\/International\/wp-json\/wp\/v2\/users\/1741"}],"replies":[{"embeddable":true,"href":"https:\/\/linitiative.ca\/International\/wp-json\/wp\/v2\/comments?post=102866"}],"version-history":[{"count":0,"href":"https:\/\/linitiative.ca\/International\/wp-json\/wp\/v2\/posts\/102866\/revisions"}],"wp:attachment":[{"href":"https:\/\/linitiative.ca\/International\/wp-json\/wp\/v2\/media?parent=102866"}],"wp:term":[{"taxonomy":"category","embeddable":true,"href":"https:\/\/linitiative.ca\/International\/wp-json\/wp\/v2\/categories?post=102866"},{"taxonomy":"post_tag","embeddable":true,"href":"https:\/\/linitiative.ca\/International\/wp-json\/wp\/v2\/tags?post=102866"}],"curies":[{"name":"wp","href":"https:\/\/api.w.org\/{rel}","templated":true}]}}