{"id":102869,"date":"2020-10-26T12:14:37","date_gmt":"2020-10-26T16:14:37","guid":{"rendered":"https:\/\/linitiative.ca\/International\/hamid-bentahar-president-du-crt-marrakech-safi-il-est-primordial-daccelerer-louverture-des-lignes-aeriennes\/"},"modified":"2020-10-26T12:14:37","modified_gmt":"2020-10-26T16:14:37","slug":"hamid-bentahar-president-du-crt-marrakech-safi-il-est-primordial-daccelerer-louverture-des-lignes-aeriennes","status":"publish","type":"post","link":"https:\/\/linitiative.ca\/International\/hamid-bentahar-president-du-crt-marrakech-safi-il-est-primordial-daccelerer-louverture-des-lignes-aeriennes\/","title":{"rendered":"Hamid Bentahar, pr\u00e9sident du CRT Marrakech-Safi : \u00abIl est primordial d\u2019acc\u00e9l\u00e9rer l\u2019ouverture des lignes a\u00e9riennes\u00bb"},"content":{"rendered":"<p><strong>Le 10 septembre dernier, une rencontre d\u2019envergure a r\u00e9uni \u00e0 Casablanca la ministre du tourisme, Nadia Fettah Alaoui, le PDG de la RAM, Hamid Addou, et les professionnels du tourisme au sujet de la relance de l\u2019activit\u00e9 touristique. Qu\u2019est-ce qui a \u00e9t\u00e9 fait depuis\u00a0? O\u00f9 en est le secteur\u00a0? Hamid Bentahar, Pr\u00e9sident du Conseil r\u00e9gional du Tourisme Marrakech-Safi et PDG d\u2019Accor Gestion Maroc, qui a particip\u00e9 \u00e0 cette r\u00e9union, revient en d\u00e9tail sur les avanc\u00e9es enregistr\u00e9es jusqu\u2019ici.<\/strong><\/p>\n<div class=\"c10\"\/>\n<p><strong>Challenge:<\/strong> <strong>plus d\u2019un mois apr\u00e8s la rencontre entre la ministre du Tourisme, Nadia Fettah Alaoui, le PDG de la RAM, Hamid Addou, et les professionnels du tourisme, qu\u2019est-ce qui s\u2019est pass\u00e9 depuis\u00a0?<\/strong><\/p>\n<p><strong>Hamid Bentahar:<\/strong> depuis la rencontre du 10 septembre dernier, plusieurs avanc\u00e9es ont \u00e9t\u00e9 enregistr\u00e9es par les diff\u00e9rentes commissions mises en place. Nous avons ainsi identifi\u00e9 avec l\u2019ONMT (Office national marocain du tourisme) et la Royal Air Maroc un certain nombre de lignes touristiques pertinentes sur lesquelles la RAM pourrait se positionner en vue de soutenir la reprise de l\u2019activit\u00e9. Nous avons beaucoup \u00e9chang\u00e9 avec toutes les parties prenantes sur ces lignes. Il y aura des annonces dans les semaines prochaines concernant leur concr\u00e9tisation. Il s\u2019agit principalement de lignes europ\u00e9ennes qui relient les destinations touristiques du royaume et sur lesquelles il y a notamment \u00a0un historique de trafic important. Je ne peux encore d\u00e9voiler les noms de ces lignes. Et nous travaillons, simultan\u00e9ment, aussi travailler sur le volet sanitaire, c\u2019est-\u00e0-dire la protection de la sant\u00e9 nos salari\u00e9s et des touristiques \u00e9galement. Nous sommes dans cette d\u00e9marche qui vise \u00e0 activer la reprise du secteur. Nous sommes tous conscients que la reprise de l\u2019activit\u00e9 \u00e9conomique est intrins\u00e8quement li\u00e9e au rythme de la r\u00e9ouverture des fronti\u00e8res a\u00e9riennes. Il est n\u00e9cessaire que les autorit\u00e9s autorisent au moins 50% du trafic a\u00e9rien pour parler d\u2019une vraie relance. Autrement, il n\u2019y a aucune lueur d\u2019espoir pour les professionnels. Dans ce sens, il est primordial de continuer \u00e0 travailler main dans la main en vue de lever les restrictions sur les d\u00e9placements, instaurer des tests rapides \u00e0 l\u2019arriv\u00e9e pour les touristes. Aujourd\u2019hui, tous les professionnels sont en train de faire des efforts pour ouvrir les h\u00f4tels, les restaurants, les caf\u00e9s, les parcs\u2026 Donc, si les autorit\u00e9s veulent que cet \u00e9lan se transforme en une v\u00e9ritable relance \u00e9conomique, il faut augmenter le rythme de l\u2019ouverture des lignes a\u00e9riennes.<\/p>\n<p><strong>Lire aussi| <a href=\"https:\/\/www.challenge.ma\/top-performer-rse-maroc-telecom-maintient-presence-162811\/\">Top Performer RSE : Maroc Telecom maintient sa pr\u00e9sence<\/a><\/strong><\/p>\n<p><strong>Challenge: qu\u2019est-ce que vous pouvez nous dire concr\u00e8tement sur la r\u00e9ouverture des fronti\u00e8res a\u00e9riennes au stade actuel\u00a0?<\/strong><\/p>\n<p><strong>HB<\/strong>: je pense qu\u2019aujourd\u2019hui, il va sans dire que nous devons agir de mani\u00e8re simultan\u00e9e sur les deux fronts\u00a0: la protection de la sant\u00e9 et la reprise \u00e9conomique. Il faut renforcer les protocoles sanitaires mais en m\u00eame temps acc\u00e9l\u00e9rer aussi le red\u00e9marrage de l\u2019\u00e9conomie et remettre le syst\u00e8me en marche. L\u2019un n\u2019emp\u00eache pas l\u2019autre. La r\u00e9alit\u00e9 actuelle du monde est que le virus s\u2019installe dans la dur\u00e9e, et va rester pour un moment. Cependant, le volume du trafic a\u00e9rien dans le monde entier ne cesse d\u2019augmenter depuis le d\u00e9confinement. Ce qui veut dire que les gens ont compris qu\u2019il faudra faire avec le virus. Il y a une volont\u00e9 partout dans le monde pour relancer l\u2019activit\u00e9 \u00e9conomique, tout en renfor\u00e7ant les protocoles sanitaires.<\/p>\n<p>Nos autorit\u00e9s doivent prendre cette r\u00e9alit\u00e9 en compte. Il faut vraiment acc\u00e9l\u00e9rer l\u2019ouverture des lignes a\u00e9riennes. Cependant, concr\u00e8tement, je n\u2019ai aucune date, aucun d\u00e9lai quant \u00e0 la r\u00e9ouverture des fronti\u00e8res a\u00e9riennes. Mais, il est imp\u00e9ratif que cette r\u00e9ouverture intervienne avant la fin de l\u2019ann\u00e9e, parce que le tourisme national est dans un \u00e9tat tr\u00e8s critique. Les professionnels continuent d\u2019y croire en tous cas. Je pense qu\u2019il est important de savoir qu\u2019aller dans un \u00e9tablissement h\u00f4telier est synonyme de r\u00e9duction des risques de contamination parce que ces \u00e9tablissements ont mis en place les mesures sanitaires n\u00e9cessaires pour garantir la s\u00e9curit\u00e9 des personnes. De m\u00eame, il y a des cam\u00e9ras install\u00e9es pour les cas contacts\u2026 Il est clair qu\u2019il y a eu un travail qui a \u00e9t\u00e9 fait par les h\u00f4tels pour se r\u00e9inventer en vue de participer \u00e0 la r\u00e9duction des risques de contamination. Ce qui n\u2019est pas le cas dans de nombreux immeubles d\u2019habitation ou m\u00eame parfois dans certaines entreprises.<\/p>\n<p><strong>Lire aussi| <a href=\"https:\/\/www.challenge.ma\/aerien-oman-air-rembourse-les-billets-impactes-par-la-covid-19-au-maroc-162833\/\">A\u00e9rien : Oman Air rembourse les billets impact\u00e9s par la Covid-19 au Maroc<\/a><\/strong><\/p>\n<p><strong>Challenge: y-a-t-il d\u00e9j\u00e0 une date pr\u00e9vue pour une nouvelle rencontre entre la ministre, le PDG de la RAM et les professionnels\u00a0?<\/strong><\/p>\n<p><strong>HB:<\/strong> nous continuons \u00e0 travailler main dans la main et nous avons des contacts permanents. Mais, nous n\u2019avons pas encore fix\u00e9 une nouvelle date. Toutefois, si nous ne r\u00e9ussissons pas cet objectif d\u2019augmenter le flux du trafic a\u00e9rien pour atteindre au moins 50% du trafic habituel d\u2019ici la fin de l\u2019ann\u00e9e, nous risquons de perdre la saison d\u2019hiver, et les cons\u00e9quences \u00e9conomiques et sociales vont \u00eatre consid\u00e9rables.<\/p>\n<p>Auteur: challenge<br \/>\n<a href=\"https:\/\/www.challenge.ma\/hamid-bentahar-president-du-crt-marrakech-safi-il-est-primordial-daccelerer-louverture-des-lignes-aeriennes-162895\/\">Cliquez ici pour lire l&rsquo;article depuis sa source.<\/a><\/p>\n","protected":false},"excerpt":{"rendered":"<p>Le 10 septembre dernier, une rencontre d\u2019envergure a r\u00e9uni \u00e0 Casablanca la ministre du tourisme, Nadia Fettah Alaoui, le PDG de la RAM, Hamid Addou, et les professionnels du tourisme au sujet de la relance de l\u2019activit\u00e9 touristique. Qu\u2019est-ce qui a \u00e9t\u00e9 fait depuis\u00a0? O\u00f9 en est le secteur\u00a0? Hamid Bentahar, Pr\u00e9sident du Conseil r\u00e9gional [&hellip;]<\/p>\n","protected":false},"author":1787,"featured_media":0,"comment_status":"closed","ping_status":"closed","sticky":false,"template":"","format":"standard","meta":{"fifu_image_url":"","fifu_image_alt":"","footnotes":""},"categories":[78,54],"tags":[],"class_list":["post-102869","post","type-post","status-publish","format-standard","hentry","category-economie","category-maroc"],"_links":{"self":[{"href":"https:\/\/linitiative.ca\/International\/wp-json\/wp\/v2\/posts\/102869","targetHints":{"allow":["GET"]}}],"collection":[{"href":"https:\/\/linitiative.ca\/International\/wp-json\/wp\/v2\/posts"}],"about":[{"href":"https:\/\/linitiative.ca\/International\/wp-json\/wp\/v2\/types\/post"}],"author":[{"embeddable":true,"href":"https:\/\/linitiative.ca\/International\/wp-json\/wp\/v2\/users\/1787"}],"replies":[{"embeddable":true,"href":"https:\/\/linitiative.ca\/International\/wp-json\/wp\/v2\/comments?post=102869"}],"version-history":[{"count":0,"href":"https:\/\/linitiative.ca\/International\/wp-json\/wp\/v2\/posts\/102869\/revisions"}],"wp:attachment":[{"href":"https:\/\/linitiative.ca\/International\/wp-json\/wp\/v2\/media?parent=102869"}],"wp:term":[{"taxonomy":"category","embeddable":true,"href":"https:\/\/linitiative.ca\/International\/wp-json\/wp\/v2\/categories?post=102869"},{"taxonomy":"post_tag","embeddable":true,"href":"https:\/\/linitiative.ca\/International\/wp-json\/wp\/v2\/tags?post=102869"}],"curies":[{"name":"wp","href":"https:\/\/api.w.org\/{rel}","templated":true}]}}