{"id":102874,"date":"2020-10-26T16:40:29","date_gmt":"2020-10-26T20:40:29","guid":{"rendered":"https:\/\/linitiative.ca\/International\/tunisie-education-a-lere-du-covid-esperons-quils-ne-vont-pas-sacrifier-une-generation\/"},"modified":"2020-10-26T16:40:29","modified_gmt":"2020-10-26T20:40:29","slug":"tunisie-education-a-lere-du-covid-esperons-quils-ne-vont-pas-sacrifier-une-generation","status":"publish","type":"post","link":"https:\/\/linitiative.ca\/International\/tunisie-education-a-lere-du-covid-esperons-quils-ne-vont-pas-sacrifier-une-generation\/","title":{"rendered":"Tunisie \u2013 Education \u00e0 l\u2019\u00e8re du covid\u00a0: Esp\u00e9rons qu\u2019ils ne vont pas sacrifier une g\u00e9n\u00e9ration"},"content":{"rendered":"<div class=\"post-cont-in left relative\">\n<div id=\"post-info-wrap\" class=\"left relative post-info-out\">\n<div class=\"post-info-img left relative\"><img loading=\"lazy\" decoding=\"async\" alt=\"\" src=\"https:\/\/secure.gravatar.com\/avatar\/96253f4a657b482a18e837c1252096c2?s=50&amp;d=mm&amp;r=g\" srcset=\"https:\/\/secure.gravatar.com\/avatar\/96253f4a657b482a18e837c1252096c2?s=100&amp;d=mm&amp;r=g 2x\" class=\"avatar avatar-50 photo\" height=\"50\" width=\"50\"\/><\/div>\n<div class=\"post-info-in\">\n<div class=\"post-info-right left relative post-info-name left relative\"><span itemprop=\"author\" itemscope=\"\" itemtype=\"https:\/\/schema.org\/Person\"><span class=\"post-info-text\">Par<\/span> <span class=\"author-name vcard fn author\" itemprop=\"name\"><a href=\"https:\/\/www.tunisienumerique.com\/author\/saber\/\" title=\"Articles par Saber .\" rel=\"author\">Saber .<\/a><\/span><\/span> <span class=\"post-date updated\"><time class=\"post-date updated\" itemprop=\"datePublished\" datetime=\"2020-10-26\">\u00a0| Il y a 3 minutes<\/time><\/span><\/div>\n<div class=\"left relative\"><button id=\"listenButton1\" class=\"responsivevoice-button\" type=\"button\" value=\"Play\" title=\"&#xC9;coutez l'article\"><span>\ud83d\udd0a \u00c9coutez l&rsquo;article<\/span><\/button> <\/div>\n<\/div>\n<\/div>\n<p>S\u2019il y a un secteur o\u00f9 l\u2019\u00e9pid\u00e9mie est en train de faire des ravages, et aux quels rares sont ceux qui s\u2019int\u00e9ressent, c\u2019est bien celui de l\u2019\u00e9ducation.<\/p>\n<div class=\"code-block code-block-1 c4\"><ins class=\"adsbygoogle c3\" data-ad-layout=\"in-article\" data-ad-format=\"fluid\" data-ad-client=\"ca-pub-2102118777505746\" data-ad-slot=\"7301775417\"\/> <\/div>\n<p>Depuis le d\u00e9but de l\u2019\u00e9pid\u00e9mie, les gens trop occup\u00e9s \u00e0 sauver leur peau, ou \u00e0 pr\u00e9server leurs emplois, ou, encore \u00e0 juguler les retomb\u00e9es \u00e9conomiques de la crise, ne se sont pas rendu compte de la gravit\u00e9 de la situation dans laquelle se retrouvent leurs enfants, en rapport avec l\u2019enseignement.<\/p>\n<p>En effet, d\u00e9j\u00e0 l\u2019ann\u00e9e derni\u00e8re, les \u00e9l\u00e8ves et \u00e9tudiants n\u2019ont pas pu achever leur ann\u00e9e, et se sont retrouv\u00e9s avec un programme tronqu\u00e9. Heureux encore qu\u2019ils aient \u00e9t\u00e9 consid\u00e9r\u00e9s comme ayant r\u00e9ussi leurs examens.<\/p>\n<p>Au d\u00e9but de cette ann\u00e9e scolaire, enseignants et parents ne savaient pas comment appr\u00e9hender cette ann\u00e9e assez particuli\u00e8re. Ils devaient faire en sorte de parachever le programme non enseign\u00e9 l\u2019ann\u00e9e derni\u00e8re, et passer \u00e0 celui de cette ann\u00e9e, sachant que le temps leur \u00e9tait compt\u00e9, et que l\u2019\u00e9pid\u00e9mie menace et jette son ombre sur les institutions \u00e9ducatives.<\/p>\n<p>Or, avec l\u2019obligation de suivre les cours un jour sur deux, les \u00e9l\u00e8ves allaient, au mieux, pouvoir, sur cette ann\u00e9e, rattraper le retard de l\u2019ann\u00e9e pass\u00e9e.<\/p>\n<p>Ce n\u2019est qu\u2019au bout de six semaines d\u2019h\u00e9sitation que les d\u00e9cideurs au niveau du minist\u00e8re de l\u2019\u00e9ducation, ont compris qu\u2019ils n\u2019allaient pas y arriver, de la sorte, et ils ont essay\u00e9 de trouver autre chose, comme l\u2019\u00e9laboration de programmes \u00e9ducatifs \u00ab\u00a0all\u00e9g\u00e9s\u00a0\u00bb. Des programmes sens\u00e9s ne retenir que l\u2019essentiel du programme initial, et destin\u00e9s \u00e0 \u00eatre administr\u00e9s en quelques semaines.<\/p>\n<p>Mais le probl\u00e8me c\u2019est que ces programmes ont \u00e9t\u00e9 \u00e9labor\u00e9s en, \u00e0 peine, quatre semaines, par des gens qui ont, de surcro\u00eet, du travailler, la plupart du temps \u00e0 distance\u2026 Donc, on ne peut qu\u2019esp\u00e9rer que ces gens savent ce qu\u2019ils font, et qu\u2019ils ne vont pas sacrifier, ainsi, toute une g\u00e9n\u00e9ration, en ayant modifi\u00e9, \u00e0 la va vite, les manuels d\u2019enseignement, de toutes les \u00e9tapes de la premi\u00e8re ann\u00e9e primaire \u00e0 la terminale.<\/p>\n<p>Maintenant, la question qui s\u2019impose dans cette situation est de savoir si ce programme\u00a0\u00ab\u00a0all\u00e9g\u00e9\u00a0\u00bb est suffisant pour inculquer aux \u00e9l\u00e8ves, surtout ceux des classes terminales, les connaissances n\u00e9cessaires qui leur permettraient, par exemple, d\u2019int\u00e9grer des universit\u00e9s \u00e9trang\u00e8res. Dans lequel cas on serait en droit de se demander si ces connaissances limit\u00e9es sont suffisantes, pourquoi, alors, saturer les esprits de nos jeunes par des tonnes de connaissances inutiles\u00a0?<\/p>\n<p>Peut-\u00eatre qu\u2019en d\u00e9finitive, ils auraient mieux fait de laisser les \u00e9l\u00e8ves tranquilles, et \u00e9viter de les exposer \u00e0 un risque \u00e9pid\u00e9mique certain, et de d\u00e9cr\u00e9ter une ann\u00e9e blanche\u00a0! Car une ann\u00e9e, ce n\u2019est rien dans la vie d\u2019un jeune. Et une ann\u00e9e perdure vaut mieux que toute une formation b\u00e2cl\u00e9e et inutile.<\/p>\n<div class=\"swp_social_panel swp_horizontal_panel swp_flat_fresh swp_default_full_color swp_individual_full_color swp_other_full_color scale-100 scale-\" data-min-width=\"1100\" data-float-color=\"#ffffff\" data-float=\"bottom\" data-float-mobile=\"bottom\" data-transition=\"slide\">\n<div class=\"nc_tweetContainer swp_share_button total_shares total_sharesalt\"><span class=\"swp_count\">1 <span class=\"swp_label\">Partages<\/span><\/span><\/div>\n<\/div>\n<p><strong>Que se passe-t-il en Tunisie?<\/strong><br \/>Nous expliquons sur notre <a href=\"https:\/\/www.youtube.com\/channel\/UCRzypVq0B_yBad5eGrwBx0Q?sub_confirmation=1\" target=\"_blank\" rel=\"noopener noreferrer\">cha\u00eene YouTube<\/a> . <a href=\"https:\/\/www.youtube.com\/channel\/UCRzypVq0B_yBad5eGrwBx0Q?sub_confirmation=1\" target=\"_blank\" rel=\"noopener noreferrer\">Abonnez-vous!<\/a><\/p>\n<div class=\"mvp-org-wrap mvp-org-logo\" itemprop=\"publisher\" itemscope=\"\" itemtype=\"https:\/\/schema.org\/Organization\"><img decoding=\"async\" src=\"https:\/\/www.tunisienumerique.com\/wp-content\/uploads\/2017\/02\/logo_tunisie_numerique.png\"\/><\/div>\n<div class=\"mvp-related-posts left relative\">\n<h4 class=\"post-header\"><span class=\"post-header\">Lire aussi<\/span><\/h4>\n<\/div>\n<div id=\"article-ad\"><ins class=\"adsbygoogle c5\" data-ad-client=\"ca-pub-2102118777505746\" data-ad-slot=\"6513972734\" data-ad-format=\"auto\" data-full-width-responsive=\"true\"\/> <\/div>\n<\/div>\n<div id=\"post-sidebar-wrap\"><ins class=\"adsbygoogle c5\" data-ad-client=\"ca-pub-2102118777505746\" data-ad-slot=\"6168283410\" data-ad-format=\"auto\" data-full-width-responsive=\"true\"\/> <\/div>\n<p>Auteur: Saber .<br \/>\n<a href=\"https:\/\/www.tunisienumerique.com\/tunisie-education-a-lere-du-covid-esperons-quils-ne-vont-pas-sacrifier-une-generation\/\">Cliquez ici pour lire l&rsquo;article depuis sa source.<\/a><\/p>\n","protected":false},"excerpt":{"rendered":"<p>Par Saber . \u00a0| Il y a 3 minutes \ud83d\udd0a \u00c9coutez l&rsquo;article S\u2019il y a un secteur o\u00f9 l\u2019\u00e9pid\u00e9mie est en train de faire des ravages, et aux quels rares sont ceux qui s\u2019int\u00e9ressent, c\u2019est bien celui de l\u2019\u00e9ducation. Depuis le d\u00e9but de l\u2019\u00e9pid\u00e9mie, les gens trop occup\u00e9s \u00e0 sauver leur peau, ou \u00e0 pr\u00e9server [&hellip;]<\/p>\n","protected":false},"author":1789,"featured_media":0,"comment_status":"closed","ping_status":"closed","sticky":false,"template":"","format":"standard","meta":{"fifu_image_url":"","fifu_image_alt":"","footnotes":""},"categories":[73,55],"tags":[],"class_list":["post-102874","post","type-post","status-publish","format-standard","hentry","category-actualite","category-tunisie"],"_links":{"self":[{"href":"https:\/\/linitiative.ca\/International\/wp-json\/wp\/v2\/posts\/102874","targetHints":{"allow":["GET"]}}],"collection":[{"href":"https:\/\/linitiative.ca\/International\/wp-json\/wp\/v2\/posts"}],"about":[{"href":"https:\/\/linitiative.ca\/International\/wp-json\/wp\/v2\/types\/post"}],"author":[{"embeddable":true,"href":"https:\/\/linitiative.ca\/International\/wp-json\/wp\/v2\/users\/1789"}],"replies":[{"embeddable":true,"href":"https:\/\/linitiative.ca\/International\/wp-json\/wp\/v2\/comments?post=102874"}],"version-history":[{"count":0,"href":"https:\/\/linitiative.ca\/International\/wp-json\/wp\/v2\/posts\/102874\/revisions"}],"wp:attachment":[{"href":"https:\/\/linitiative.ca\/International\/wp-json\/wp\/v2\/media?parent=102874"}],"wp:term":[{"taxonomy":"category","embeddable":true,"href":"https:\/\/linitiative.ca\/International\/wp-json\/wp\/v2\/categories?post=102874"},{"taxonomy":"post_tag","embeddable":true,"href":"https:\/\/linitiative.ca\/International\/wp-json\/wp\/v2\/tags?post=102874"}],"curies":[{"name":"wp","href":"https:\/\/api.w.org\/{rel}","templated":true}]}}