{"id":102878,"date":"2020-10-25T21:01:32","date_gmt":"2020-10-26T01:01:32","guid":{"rendered":"https:\/\/linitiative.ca\/International\/galian-2020-sidwaya-remporte-six-prix\/"},"modified":"2020-10-25T21:01:32","modified_gmt":"2020-10-26T01:01:32","slug":"galian-2020-sidwaya-remporte-six-prix","status":"publish","type":"post","link":"https:\/\/linitiative.ca\/International\/galian-2020-sidwaya-remporte-six-prix\/","title":{"rendered":"Galian 2020:  Sidwaya remporte six prix"},"content":{"rendered":"<div class=\"td-post-featured-image\"><a href=\"https:\/\/www.sidwaya.info\/wp-content\/uploads\/2020\/10\/galian202026.jpg\" data-caption=\"\"><img loading=\"lazy\" decoding=\"async\" width=\"696\" height=\"464\" class=\"entry-thumb td-modal-image\" src=\"https:\/\/www.sidwaya.info\/wp-content\/uploads\/2020\/10\/galian202026-696x464.jpg\" srcset=\"https:\/\/www.sidwaya.info\/wp-content\/uploads\/2020\/10\/galian202026-696x464.jpg 696w, https:\/\/www.sidwaya.info\/wp-content\/uploads\/2020\/10\/galian202026-300x200.jpg 300w, https:\/\/www.sidwaya.info\/wp-content\/uploads\/2020\/10\/galian202026-768x513.jpg 768w, https:\/\/www.sidwaya.info\/wp-content\/uploads\/2020\/10\/galian202026-629x420.jpg 629w, https:\/\/www.sidwaya.info\/wp-content\/uploads\/2020\/10\/galian202026.jpg 974w\" sizes=\"auto, (max-width: 696px) 100vw, 696px\" alt=\"\" title=\"galian202026\"\/><\/a><\/div>\n<p><strong>La 23e \u00e9dition des nuits des troph\u00e9es Galian a connu son apoth\u00e9ose, le vendredi 23 octobre 2020 \u00e0 Ouagadougou, au cours de laquelle sept prix sp\u00e9ciaux et plus d\u2019une quinzaine de prix officiels ont \u00e9t\u00e9 d\u00e9cern\u00e9s. A l\u2019occasion, le nom du successeur de Hugues Richard Sama est d\u00e9voil\u00e9 : Tiga Cheick Sawadogo du journal LeFaso.net, a \u00e9t\u00e9 consacr\u00e9 meilleur journaliste.<\/strong><\/p>\n<p>Le prix du Super Galian ou du meilleur journaliste burkinab\u00e8 est revenu cette ann\u00e9e \u00e0 Tiga Cheick Sawadogo du journal en ligne LeFaso.net. Il remporte, \u00e0 cet effet, un ch\u00e8que de 3 millions FCFA, un troph\u00e9e, une attestation, et une villa de 20 millions FCFA. Les articles prim\u00e9s, \u00ab Terrorisme au Burkina Faso : A Titao, de la r\u00e9silience en attendant la r\u00e9sistance \u00bb et \u00ab Burkina : Djibo, la ville qui refuse de sombrer \u00bb, mettent en lumi\u00e8re la question de l\u2019ins\u00e9curit\u00e9 au Sahel. La c\u00e9r\u00e9monie de remise des prix a eu lieu, le vendredi 23 octobre 2020 \u00e0 la salle des banquets \u00e0 Ouagadougou. Par la voix de Victorien Aymar Sawadogo, les 40 membres du jury ont \u00e9num\u00e9r\u00e9 un certain nombre de manquements \u00e0 travers les \u0153uvres soumises. Pour ce faire, il a encourag\u00e9 les candidats et les laur\u00e9ats au concours tout en indiquant que la perfection est inaccessible \u00e0 tout \u0153uvre humaine. Il a, en outre, \u00e9voqu\u00e9 des manquements qui ont \u00e9maill\u00e9 les \u0153uvres soumises. En guise de recommandations, le jury a, \u00e0 l\u2019endroit de la Direction g\u00e9n\u00e9rale des m\u00e9dias (DGM), sugg\u00e9r\u00e9 son implication dans la formation journalistique de type continu au prix Galian. De plus, il a invit\u00e9 les journalistes \u00e0 participer \u00e0 ces renforcements de capacit\u00e9 en vue d\u2019\u00eatre au diapason. M. Sawadogo a, par la suite, conseill\u00e9 qu\u2019au regard des \u0153uvres rejet\u00e9es en mati\u00e8re de confusion de genre, les r\u00e9dactions sont interpell\u00e9es \u00e0 d\u00e9velopper la formation en genre r\u00e9dactionnel et en pr\u00e9sentation. A cela, le jury a pr\u00e9conis\u00e9 aux organisateurs la cr\u00e9ation d\u2019une cat\u00e9gorie Web TV pour les \u00e9ditions \u00e0 venir, des formations \u00e0 la prise de son, de vue et au montage.<\/p>\n<p>\u00ab R\u00e9duction de prix \u00bb<\/p>\n<p>\u00ab Avec plus de deux d\u00e9cennies de croissance, les prix Galian sont entr\u00e9s dans une p\u00e9riode difficile \u00e0 la suite de l\u2019effet pervers de la COVID-19 avec son corollaire de r\u00e9duction des partenaires, voire des prix sp\u00e9ciaux \u00bb, a fait savoir le ministre de la Communication et des Relations avec le Parlement, R\u00e9mis Fulgence Dandjinou. Mais, loin de c\u00e9der au d\u00e9couragement, a-t-il poursuivi, son d\u00e9partement a voulu tenir le pari de l\u2019\u00e9dition 2020. Et de pr\u00e9ciser que la traditionnelle nuit annuelle de r\u00e9compenses a pour objectif de cr\u00e9er une \u00e9mulation des hommes et femmes des m\u00e9dias \u00e0 embrasser le professionnalisme.<br \/>Tout en affirmant sa satisfaction pour le travail abattu par le jury, le pr\u00e9sident du Conseil sup\u00e9rieur de la communication (CSC), Mathias Tankoano, a f\u00e9licit\u00e9 les journalistes pour leurs productions. A l\u2019\u00e9couter, l\u2019honneur d\u2019\u00eatre parrain constitue, pour lui, une marque de reconnaissance. Aussi, conscient du r\u00f4le que peut jouer les hommes de m\u00e9dias dans la p\u00e9riode \u00e9lectorale, il a interpell\u00e9 \u00e0 rester professionnels, prudents dans ces moments pour des \u00e9lections apais\u00e9es. M. Tankoano a invit\u00e9 les journalistes \u00e0 se former davantage avec plus de rigueur pour un traitement juste de l\u2019information.<br \/>La pr\u00e9sidente d\u2019honneur de cette 23e \u00e9dition, Aminata Ou\u00e9draogo s\u2019est r\u00e9jouie de la tenue de cette activit\u00e9 phare qui vise \u00e0 la cr\u00e9ation des produits journalistiques de qualit\u00e9. A l\u2019en croire, les prix Galian apparaissent comme un label d\u2019excellence du secteur des m\u00e9dias. Car, depuis sa cr\u00e9ation en 1997, le concours prix Galian a pris des galons au fil des ann\u00e9es en rehaussant la valeur des prix et la mise en place des prix sp\u00e9ciaux. Choses qui constituent, a-t-elle not\u00e9, une valeur ajout\u00e9e qui magnifie l\u2019excellence des hommes et femmes de m\u00e9dias. Du reste, Mme Ou\u00e9draogo a estim\u00e9 n\u00e9cessaire le renforcement permanent des connaissances afin d\u2019\u00e9viter toute d\u00e9rive.<br \/>En rappel, la 23e \u00e9dition des prix Galian a enregistr\u00e9 189 candidatures soit 378 \u0153uvres journalistiques dont 67 candidatures en presse \u00e9crite, 52 en radiodiffusion sonore, 28 en radiodiffusion t\u00e9l\u00e9visuelle, 21 en langues nationales, et 21 en presse en ligne.<\/p>\n<p>Achille ZIGANI<br \/>(Collaborateur)<\/p>\n<p>\u2026\u2026\u2026\u2026\u2026\u2026\u2026\u2026\u2026\u2026\u2026\u2026\u2026\u2026\u2026\u2026\u2026\u2026\u2026\u2026\u2026\u2026\u2026\u2026\u2026\u2026\u2026\u2026\u2026\u2026\u2026\u2026\u2026\u2026\u2026\u2026\u2026\u2026\u2026\u2026\u2026\u2026.<\/p>\n<p>Des laur\u00e9ats de la \u00ab\u00a0maison commune\u00a0\u00bb se pronon\u00e7ent<\/p>\n<p>Mahamadi Sebogo (prix sp\u00e9cial de la Maison de l\u2019entreprise et le meilleur dossier):<br \/>\u00abPour une premi\u00e8re participation, c\u2019est un sentiment de satisfaction. Mais aussi une interpellation \u00e0 toujours mieux faire ! Je suis arriv\u00e9 \u00e0 Sidwaya en 2018 et mes productions de 2019 sont aujourd\u2019hui prim\u00e9es. Cela a \u00e9t\u00e9 possible gr\u00e2ce aux devanciers de la r\u00e9daction qui \u00e9taient toujours dispos\u00e9s \u00e0 m\u2019encadrer, \u00e0 me conseiller, \u00e0 m\u2019orienter ! La production journalistique est une \u0153uvre collective et sur toute la cha\u00eene, tout le monde a mis la main \u00e0 la p\u00e2te. Je leur suis reconnaissant. Je remercie le Directeur g\u00e9n\u00e9ral de Sidwaya qui m\u2019a toujours encourag\u00e9 dans mes diff\u00e9rentes initiatives. Je traduis \u00e9galement ma reconnaissance \u00e0 ma grande famille et \u00e0 mes amis pour leurs constants et multiples soutiens. Je rends gr\u00e2ce \u00e0 Dieu et je d\u00e9die ces prix \u00e0 mes d\u00e9funts parents pour le sacrifice consentis pour que je sois \u00e0 l\u2019\u00e9cole, pour les valeurs du travail bien fait qu\u2019ils m\u2019ont inculqu\u00e9es.<\/p>\n<p>Mamady Zango (meilleur reportage dans la cat\u00e9gorie presse \u00e9crite :<br \/>\u00ab C\u2019est d\u2019abord un sentiment de joie pour ce prix et la reconnaissance envers les acteurs qui sont au niveau de la chaine de production. Car le journal est un travail d\u2019une \u00e9quipe. Ce prix au-del\u00e0 de la r\u00e9compense est plus une invite \u00e0 pers\u00e9v\u00e9rer. Je remercie toutes les personnes qui contribuent \u00e0 ma formation surtout le personnel de la maison commune. Dans ma premi\u00e8re \u0153uvre prim\u00e9e intitul\u00e9e : \u00ab Manga : la marche vers le d\u00e9veloppement\u00a0\u00bb, j\u2019ai fait la description du changement de la ville en termes d\u2019infrastructures, parce que Manga \u00e9tait consid\u00e9r\u00e9 comme une capitale par accident au regard de sa proportion. L\u2019autre \u0153uvre parle des enfants en situation de handicap. Toutefois, il faut reconna\u00eetre que pour un travail intellectuel, la collecte de l\u2019information n\u2019est pas toujours facile car les personnes ne sont pas pr\u00eates \u00e0 parler\u00a0\u00bb.<\/p>\n<p>Tiga Jos\u00e9 Marie R\u00e9mi Zo\u00e9ringr\u00e9 (prix de la meilleure photo de presse) :<br \/>\u00ab A pareille occasion, on ne peut qu\u2019exprimer un sentiment de fiert\u00e9 d\u2019avoir \u00e9t\u00e9 prim\u00e9 aux Galian. C\u2019est aussi pour moi, une invite surtout \u00e0 redoubler dans l\u2019excellence pour une presse professionnelle. Je rends un vibrant hommage aux Galian et que Dieu b\u00e9nisse le Burkina Faso ! \u00bb<\/p>\n<p>Boubi\u00e9 G\u00e9rard Bayala (prix sp\u00e9cial Chambre de Commerce):<br \/>\u00ab\u00a0Naturellement, c\u2019est un sentiment de satisfaction qui m\u2019anime et en m\u00eame temps c\u2019est un prix que nous d\u00e9dions \u00e0 toute l\u2019\u00e9quipe de la r\u00e9daction parce que c\u2019est un travail collectif. \u00c0 travers ce prix, j\u2019ai une pens\u00e9e \u00e0 l\u2019endroit de tous les producteurs qui font les efforts pour soutenir ces jeunes dipl\u00f4m\u00e9s qui essaient de s\u2019ins\u00e9rer \u00e0 travers l\u2019agriculture qui est un m\u00e9tier noble . Nous d\u00e9dions ce prix au monde rural\u00a0\u00bb<\/p>\n<p>Propos recuiellis par AZ<\/p>\n<div class=\"td-a-rec td-a-rec-id-content_bottom tdi_30_131 td_block_template_1\"><img loading=\"lazy\" decoding=\"async\" class=\"aligncenter size-full wp-image-27454\" src=\"https:\/\/www.sidwaya.info\/wp-content\/uploads\/2020\/10\/PUB-Bandeau-paiement-mobile-siteweb.jpg\" alt=\"\" width=\"728\" height=\"90\"\/><\/div>\n<p>Auteur: BM. Sidwaya<br \/>\n<a href=\"https:\/\/www.sidwaya.info\/blog\/2020\/10\/26\/galian-2020-sidwaya-remporte-six-prix\/\">Cliquez ici pour lire l&rsquo;article depuis sa source.<\/a><\/p>\n","protected":false},"excerpt":{"rendered":"<p>La 23e \u00e9dition des nuits des troph\u00e9es Galian a connu son apoth\u00e9ose, le vendredi 23 octobre 2020 \u00e0 Ouagadougou, au cours de laquelle sept prix sp\u00e9ciaux et plus d\u2019une quinzaine de prix officiels ont \u00e9t\u00e9 d\u00e9cern\u00e9s. A l\u2019occasion, le nom du successeur de Hugues Richard Sama est d\u00e9voil\u00e9 : Tiga Cheick Sawadogo du journal LeFaso.net, [&hellip;]<\/p>\n","protected":false},"author":1816,"featured_media":102879,"comment_status":"closed","ping_status":"closed","sticky":false,"template":"","format":"standard","meta":{"fifu_image_url":"","fifu_image_alt":"","footnotes":""},"categories":[73,81],"tags":[],"class_list":["post-102878","post","type-post","status-publish","format-standard","has-post-thumbnail","hentry","category-actualite","category-burkina-faso"],"_links":{"self":[{"href":"https:\/\/linitiative.ca\/International\/wp-json\/wp\/v2\/posts\/102878","targetHints":{"allow":["GET"]}}],"collection":[{"href":"https:\/\/linitiative.ca\/International\/wp-json\/wp\/v2\/posts"}],"about":[{"href":"https:\/\/linitiative.ca\/International\/wp-json\/wp\/v2\/types\/post"}],"author":[{"embeddable":true,"href":"https:\/\/linitiative.ca\/International\/wp-json\/wp\/v2\/users\/1816"}],"replies":[{"embeddable":true,"href":"https:\/\/linitiative.ca\/International\/wp-json\/wp\/v2\/comments?post=102878"}],"version-history":[{"count":0,"href":"https:\/\/linitiative.ca\/International\/wp-json\/wp\/v2\/posts\/102878\/revisions"}],"wp:featuredmedia":[{"embeddable":true,"href":"https:\/\/linitiative.ca\/International\/wp-json\/"}],"wp:attachment":[{"href":"https:\/\/linitiative.ca\/International\/wp-json\/wp\/v2\/media?parent=102878"}],"wp:term":[{"taxonomy":"category","embeddable":true,"href":"https:\/\/linitiative.ca\/International\/wp-json\/wp\/v2\/categories?post=102878"},{"taxonomy":"post_tag","embeddable":true,"href":"https:\/\/linitiative.ca\/International\/wp-json\/wp\/v2\/tags?post=102878"}],"curies":[{"name":"wp","href":"https:\/\/api.w.org\/{rel}","templated":true}]}}