{"id":102880,"date":"2020-10-26T16:48:32","date_gmt":"2020-10-26T20:48:32","guid":{"rendered":"https:\/\/linitiative.ca\/International\/issoufou-dayo-offre-la-coupe-caf-a-berkane\/"},"modified":"2020-10-26T16:48:32","modified_gmt":"2020-10-26T20:48:32","slug":"issoufou-dayo-offre-la-coupe-caf-a-berkane","status":"publish","type":"post","link":"https:\/\/linitiative.ca\/International\/issoufou-dayo-offre-la-coupe-caf-a-berkane\/","title":{"rendered":"Issoufou Dayo offre  la coupe CAF \u00e0 Berkane"},"content":{"rendered":"<div class=\"td-post-featured-image\" readability=\"33\"><a href=\"https:\/\/www.sidwaya.info\/wp-content\/uploads\/2020\/10\/berkane.jpg\" data-caption=\"Gr&#xE2;ce &#xE0; son but, Issoufou Dayo a permis &#xE0; son club d&#x2019;&#xEA;tre sacr&#xE9; champion d&#x2019;Afrique.\"><img loading=\"lazy\" decoding=\"async\" width=\"696\" height=\"474\" class=\"entry-thumb td-modal-image\" src=\"https:\/\/www.sidwaya.info\/wp-content\/uploads\/2020\/10\/berkane-696x474.jpg\" srcset=\"https:\/\/www.sidwaya.info\/wp-content\/uploads\/2020\/10\/berkane-696x474.jpg 696w, https:\/\/www.sidwaya.info\/wp-content\/uploads\/2020\/10\/berkane-300x204.jpg 300w, https:\/\/www.sidwaya.info\/wp-content\/uploads\/2020\/10\/berkane-768x523.jpg 768w, https:\/\/www.sidwaya.info\/wp-content\/uploads\/2020\/10\/berkane-617x420.jpg 617w, https:\/\/www.sidwaya.info\/wp-content\/uploads\/2020\/10\/berkane.jpg 787w\" sizes=\"auto, (max-width: 696px) 100vw, 696px\" alt=\"\" title=\"berkane\"\/><\/a>Gr\u00e2ce \u00e0 son but, Issoufou Dayo a permis \u00e0 son club d\u2019\u00eatre sacr\u00e9 champion d\u2019Afrique.<\/div>\n<p><strong>La formation marocaine de la Renaissance sportive de Berkane est la derni\u00e8re d\u00e9tentrice de la Coupe de la CAF. Cela gr\u00e2ce \u00e0 son d\u00e9fenseur burkinab\u00e8 Issoufou Dayo, auteur du seul but de la rencontre. Outre Dayo, le quintupl\u00e9 historique de Franck Lassina Traor\u00e9 m\u00e9rite d\u2019\u00eatre soulign\u00e9.<\/strong><\/p>\n<p>L\u2019unique r\u00e9alisation (15e mn) d\u2019Issoufou Dayo (29 ans) a suffi \u00e0 faire le bonheur de la Renaissance sportive de Berkane qui s\u2019impose (1-0) contre le Pyramids FC d\u2019Egypte en finale de la Coupe de la CAF. Si le d\u00e9fenseur international burkinab\u00e8 est rest\u00e9 sur le terrain tout le temps qu\u2019a dur\u00e9 la rencontre, ce ne fut pas le cas de ses compatriotes et co\u00e9quipiers Alain Traor\u00e9 (31 ans) et Djibril Ouattara (21 ans). Alain a foul\u00e9 la pelouse \u00e0 la 83e mn. Djibril, lui, a assist\u00e9 au sacre des siens sur les gradins.<\/p>\n<p>Dans l\u2019autre camp, Eric Traor\u00e9 (24 ans) a jou\u00e9 l\u2019int\u00e9gralit\u00e9 du match. Outre la performance de Berkane avec ses footballeurs burkinab\u00e8, l\u2019autre fait majeur est le quintupl\u00e9 historique de Franck Lassina Traor\u00e9 (19 ans, 6 matchs, 5 buts) avec l\u2019Ajax d\u2019Amsterdam. Align\u00e9 d\u2019entr\u00e9e face \u00e0 VVV-Venlo en 6e journ\u00e9e du championnat hollandais, le jeune attaquant a scor\u00e9 aux 17e, 32e, 54e, 65e et 87e mn pour la tr\u00e8s large victoire 0-13 de son \u00e9quipe. En plus de ses cinq buts, Franck a aussi \u00e9t\u00e9 auteur de trois passes d\u00e9cisives. Il devient du m\u00eame coup l\u2019actuel meilleur buteur du club.<\/p>\n<p><img decoding=\"async\" loading=\"lazy\" class=\"size-medium wp-image-28205\" src=\"https:\/\/www.sidwaya.info\/wp-content\/uploads\/2020\/10\/berk1-300x198.jpg\" alt=\"\" width=\"300\" height=\"198\" srcset=\"https:\/\/www.sidwaya.info\/wp-content\/uploads\/2020\/10\/berk1-300x198.jpg 300w, https:\/\/www.sidwaya.info\/wp-content\/uploads\/2020\/10\/berk1-768x506.jpg 768w, https:\/\/www.sidwaya.info\/wp-content\/uploads\/2020\/10\/berk1-696x459.jpg 696w, https:\/\/www.sidwaya.info\/wp-content\/uploads\/2020\/10\/berk1-637x420.jpg 637w, https:\/\/www.sidwaya.info\/wp-content\/uploads\/2020\/10\/berk1-741x486.jpg 741w, https:\/\/www.sidwaya.info\/wp-content\/uploads\/2020\/10\/berk1.jpg 787w\" sizes=\"auto, (max-width: 300px) 100vw, 300px\"\/>Avec cinq buts inscrits au cours de la seule rencontre, Franck Lassina Traor\u00e9 est l\u2019actuel meilleur buteur de l\u2019Ajax.<\/p>\n<p>Le championnat anglais a abord\u00e9 sa 6e journ\u00e9e. Une journ\u00e9e qui n\u2019a pas souri \u00e0 l\u2019\u00e9quipe de Bertrand Traor\u00e9 (25 ans, 4 matchs) Aston Villa (3e) surprise 0-3 \u00e0 domicile par Leeds United. Bertrand est entr\u00e9 en jeu \u00e0 la 66e mn. Equipe qui a \u00e9t\u00e9 battue chez elle est aussi celle de Bryan Dabo (28 ans, 5 matchs) \u00e0 l\u2019occasion de la 5e journ\u00e9e de la s\u00e9rie A italienne. En r\u00e9ception de Naples, B\u00e9n\u00e9vento (13e) a pli\u00e9 l\u2019\u00e9chine 1-2. Bryan a c\u00e9d\u00e9 sa place \u00e0 la 64e mn.<\/p>\n<p>En Slovaquie (11e journ\u00e9e), Pohronie (11e) avec C\u00e9dric Badolo (21 ans, 11 matchs) n\u2019a pas su d\u00e9jouer le pi\u00e8ge tendu par FK Senica\u00a0qui est venue lui rendre la politesse 1-2. Belle op\u00e9ration du Dinamo Moscou (5e), victorieuse de Sochi 3-1 lors de la 12e journ\u00e9e du championnat russe. Charles Kabor\u00e9 (32 ans, 10 matchs) de l\u2019\u00e9quipe victorieuse a jou\u00e9 tout le match. Dans le m\u00eame marathon, Khimki (14e) avec Mohamed Konat\u00e9 (22 ans, 10 matchs) titulaire puis remplac\u00e9 \u00e0 la 83e mn a \u00e9t\u00e9 domin\u00e9e 2-0 par Rostov. Dans la Ligue 2 fran\u00e7aise (8e journ\u00e9e), Paris FC (1re) avec Jonathan Pitroipa (34 ans, 8 matchs) titulaire poursuit sur sa bonne s\u00e9rie en allant d\u00e9faire 1-2 Ch\u00e2teauroux. Issouf Paro (26 ans, 7 matchs) dans le m\u00eame championnat n\u2019a pas connu la m\u00eame joie puisqu\u2019il a \u00e9t\u00e9 exclu \u00e0 la 20e mn lors de la rencontre perdue 2-0 par son \u00e9quipe Niort (4e) face \u00e0 Pau.<\/p>\n<p>Dans le domaine des transferts, Bakary Kon\u00e9 (32 ans) s\u2019est engag\u00e9 en faveur de la formation indienne de Kerala Blaster pour la saison 2020-2021. \u00ab Je suis vraiment ravi de signer pour Kerala Blasters et de venir en Inde pour la premi\u00e8re fois. J\u2019ai beaucoup entendu parler de la Super League indienne gr\u00e2ce \u00e0 Nicolas Anelka et il a dit de bonnes choses sur le club \u00bb, a laiss\u00e9 entendre l\u2019international burkinab\u00e8 lors de sa pr\u00e9sentation.<\/p>\n<p class=\"c1\"><strong>\u00a0Yves OUEDRAOGO<\/strong><\/p>\n<div class=\"td-a-rec td-a-rec-id-content_bottom tdi_30_479 td_block_template_1\"><img loading=\"lazy\" decoding=\"async\" class=\"aligncenter size-full wp-image-27454\" src=\"https:\/\/www.sidwaya.info\/wp-content\/uploads\/2020\/10\/PUB-Bandeau-paiement-mobile-siteweb.jpg\" alt=\"\" width=\"728\" height=\"90\"\/><\/div>\n<p>Auteur: JK. Sidwaya<br \/>\n<a href=\"https:\/\/www.sidwaya.info\/blog\/2020\/10\/26\/issoufou-dayo-offre-la-coupe-caf-a-berkane\/\">Cliquez ici pour lire l&rsquo;article depuis sa source.<\/a><\/p>\n","protected":false},"excerpt":{"rendered":"<p>Gr\u00e2ce \u00e0 son but, Issoufou Dayo a permis \u00e0 son club d\u2019\u00eatre sacr\u00e9 champion d\u2019Afrique. La formation marocaine de la Renaissance sportive de Berkane est la derni\u00e8re d\u00e9tentrice de la Coupe de la CAF. Cela gr\u00e2ce \u00e0 son d\u00e9fenseur burkinab\u00e8 Issoufou Dayo, auteur du seul but de la rencontre. Outre Dayo, le quintupl\u00e9 historique de [&hellip;]<\/p>\n","protected":false},"author":1816,"featured_media":102881,"comment_status":"closed","ping_status":"closed","sticky":false,"template":"","format":"standard","meta":{"fifu_image_url":"","fifu_image_alt":"","footnotes":""},"categories":[73,81],"tags":[],"class_list":["post-102880","post","type-post","status-publish","format-standard","has-post-thumbnail","hentry","category-actualite","category-burkina-faso"],"_links":{"self":[{"href":"https:\/\/linitiative.ca\/International\/wp-json\/wp\/v2\/posts\/102880","targetHints":{"allow":["GET"]}}],"collection":[{"href":"https:\/\/linitiative.ca\/International\/wp-json\/wp\/v2\/posts"}],"about":[{"href":"https:\/\/linitiative.ca\/International\/wp-json\/wp\/v2\/types\/post"}],"author":[{"embeddable":true,"href":"https:\/\/linitiative.ca\/International\/wp-json\/wp\/v2\/users\/1816"}],"replies":[{"embeddable":true,"href":"https:\/\/linitiative.ca\/International\/wp-json\/wp\/v2\/comments?post=102880"}],"version-history":[{"count":0,"href":"https:\/\/linitiative.ca\/International\/wp-json\/wp\/v2\/posts\/102880\/revisions"}],"wp:featuredmedia":[{"embeddable":true,"href":"https:\/\/linitiative.ca\/International\/wp-json\/"}],"wp:attachment":[{"href":"https:\/\/linitiative.ca\/International\/wp-json\/wp\/v2\/media?parent=102880"}],"wp:term":[{"taxonomy":"category","embeddable":true,"href":"https:\/\/linitiative.ca\/International\/wp-json\/wp\/v2\/categories?post=102880"},{"taxonomy":"post_tag","embeddable":true,"href":"https:\/\/linitiative.ca\/International\/wp-json\/wp\/v2\/tags?post=102880"}],"curies":[{"name":"wp","href":"https:\/\/api.w.org\/{rel}","templated":true}]}}