{"id":102889,"date":"2020-10-26T15:19:39","date_gmt":"2020-10-26T19:19:39","guid":{"rendered":"https:\/\/linitiative.ca\/International\/cameroun-massacre-de-kumba-la-commission-atanga-nji-ne-sera-a-kumba-que-le-27-octobre-2020\/"},"modified":"2020-10-26T15:19:39","modified_gmt":"2020-10-26T19:19:39","slug":"cameroun-massacre-de-kumba-la-commission-atanga-nji-ne-sera-a-kumba-que-le-27-octobre-2020","status":"publish","type":"post","link":"https:\/\/linitiative.ca\/International\/cameroun-massacre-de-kumba-la-commission-atanga-nji-ne-sera-a-kumba-que-le-27-octobre-2020\/","title":{"rendered":"Cameroun \u2013 massacre de Kumba : la commission Atanga Nji ne sera \u00e0 Kumba que le 27 octobre 2020"},"content":{"rendered":"<div readability=\"32\">\n<p>Publi\u00e9 le 26.10.2020 \u00e0 20h19 par Christian Djimadeu<\/p>\n<\/div>\n<div readability=\"56\">\n<h2 class=\"c6\">Plus de 48 heures plus tard apr\u00e8s la survenue du drame qui endeuille le pays, la d\u00e9l\u00e9gation interminist\u00e9rielle envoy\u00e9e dans le Sud-Ouest n\u2019est pas encore sur les lieux.<\/h2>\n<p class=\"c7\">La d\u00e9l\u00e9gation conduite par le ministre de l\u2019Administration territoriale <strong>Paul Atanga Nji<\/strong> arrive \u00e0 <strong>Kumba<\/strong> demain. Selon une source interne, la d\u00e9l\u00e9gation partie de Yaound\u00e9 ce 26 octobre 2020 observe une escale \u00e0 Douala, la capitale \u00e9conomique.<\/p>\n<p class=\"c7\">Outre le Minat, elle est compos\u00e9e des ministre des Enseignements secondaires <strong>Pauline Nalova Lyonga<\/strong>, de celui de l\u2019Education de base <strong>Laurent Serges Etoundi Ngoa<\/strong> et d\u2019un repr\u00e9sentant du D\u00e9l\u00e9gu\u00e9 g\u00e9n\u00e9ral \u00e0 la s\u00fbret\u00e9 nationale.<\/p>\n<p class=\"c7\">Le gouvernement camerounais \u00a0s\u2019\u00e9tait r\u00e9uni en urgence le 24 octobre 2020 \u00e0 l\u2019annonce du massacre d\u2019environ 8 enfants dans le <strong>coll\u00e8ge Mother Francisca International Bilingual Academy<\/strong> de Kumba. Au terme de la rencontre, le Premier ministre <strong>Joseph Dion Ngut\u00e9<\/strong> a inform\u00e9 l\u2019opinion via son compte Twitter, \u00a0qu\u2019il a commis une d\u00e9l\u00e9gation interminist\u00e9rielle sur le terrain.<\/p>\n<p class=\"c7\">La d\u00e9l\u00e9gation interminist\u00e9rielle envoy\u00e9e dans le Sud-Ouest ne sera sur les lieux que demain, soit trois jours apr\u00e8s les \u00e9v\u00e8nements. La situation a \u00e9t\u00e9 jusqu\u2019ici sous le contr\u00f4le des autorit\u00e9s locales\u00a0: pr\u00e9fet, sous-pr\u00e9fet, maire et garants de la tradition.<\/p>\n<\/div>\n<p>Auteur: Christian DJIMADEU<br \/>\n<a href=\"https:\/\/www.journalducameroun.com\/cameroun-massacre-de-kumba-la-commission-atanga-nji-ne-sera-a-kumba-que-le-27-octobre-2020\/\">Cliquez ici pour lire l&rsquo;article depuis sa source.<\/a><\/p>\n","protected":false},"excerpt":{"rendered":"<p>Publi\u00e9 le 26.10.2020 \u00e0 20h19 par Christian Djimadeu Plus de 48 heures plus tard apr\u00e8s la survenue du drame qui endeuille le pays, la d\u00e9l\u00e9gation interminist\u00e9rielle envoy\u00e9e dans le Sud-Ouest n\u2019est pas encore sur les lieux. La d\u00e9l\u00e9gation conduite par le ministre de l\u2019Administration territoriale Paul Atanga Nji arrive \u00e0 Kumba demain. Selon une source [&hellip;]<\/p>\n","protected":false},"author":1965,"featured_media":0,"comment_status":"closed","ping_status":"closed","sticky":false,"template":"","format":"standard","meta":{"fifu_image_url":"","fifu_image_alt":"","footnotes":""},"categories":[73,82],"tags":[],"class_list":["post-102889","post","type-post","status-publish","format-standard","hentry","category-actualite","category-cameroun"],"_links":{"self":[{"href":"https:\/\/linitiative.ca\/International\/wp-json\/wp\/v2\/posts\/102889","targetHints":{"allow":["GET"]}}],"collection":[{"href":"https:\/\/linitiative.ca\/International\/wp-json\/wp\/v2\/posts"}],"about":[{"href":"https:\/\/linitiative.ca\/International\/wp-json\/wp\/v2\/types\/post"}],"author":[{"embeddable":true,"href":"https:\/\/linitiative.ca\/International\/wp-json\/wp\/v2\/users\/1965"}],"replies":[{"embeddable":true,"href":"https:\/\/linitiative.ca\/International\/wp-json\/wp\/v2\/comments?post=102889"}],"version-history":[{"count":0,"href":"https:\/\/linitiative.ca\/International\/wp-json\/wp\/v2\/posts\/102889\/revisions"}],"wp:attachment":[{"href":"https:\/\/linitiative.ca\/International\/wp-json\/wp\/v2\/media?parent=102889"}],"wp:term":[{"taxonomy":"category","embeddable":true,"href":"https:\/\/linitiative.ca\/International\/wp-json\/wp\/v2\/categories?post=102889"},{"taxonomy":"post_tag","embeddable":true,"href":"https:\/\/linitiative.ca\/International\/wp-json\/wp\/v2\/tags?post=102889"}],"curies":[{"name":"wp","href":"https:\/\/api.w.org\/{rel}","templated":true}]}}