{"id":102890,"date":"2020-10-26T15:55:43","date_gmt":"2020-10-26T19:55:43","guid":{"rendered":"https:\/\/linitiative.ca\/International\/cameroun-paul-biya-ordonne-linterpellation-des-auteurs-du-massacre-de-kumba\/"},"modified":"2020-10-26T15:55:43","modified_gmt":"2020-10-26T19:55:43","slug":"cameroun-paul-biya-ordonne-linterpellation-des-auteurs-du-massacre-de-kumba","status":"publish","type":"post","link":"https:\/\/linitiative.ca\/International\/cameroun-paul-biya-ordonne-linterpellation-des-auteurs-du-massacre-de-kumba\/","title":{"rendered":"Cameroun : Paul Biya ordonne l\u2019interpellation des auteurs du massacre de Kumba"},"content":{"rendered":"<div readability=\"32\">\n<p>Publi\u00e9 le 26.10.2020 \u00e0 20h55 par Christian Djimadeu<\/p>\n<\/div>\n<div readability=\"56\">\n<h2 class=\"c6\">Dans un t\u00e9l\u00e9gramme envoy\u00e9 ce 26 octobre 2020 au gouverneur du Sud-Ouest Bernard <em><strong>Okalia Bila\u00ef<\/strong><\/em>, le pr\u00e9sident de la R\u00e9publique condamne l\u2019assassinat des \u00e9l\u00e8ves de l\u2019\u00e9cole Mother Francissca international Bilingual academy.<\/h2>\n<p class=\"c7\">48 heures apr\u00e8s le massacre des \u00e9l\u00e8ves \u00e0 Kumba, le chef de l\u2019Etat <strong>Paul Biya<\/strong> \u00e9crit au gouverneur de la r\u00e9gion du Sud-Ouest\u00a0<strong>Bernard <em>Okalia Bila\u00ef<\/em><\/strong>. \u00ab\u00a0<em>J\u2019ai appris avec une grande tristesse l\u2019horrible assassinat de plusieurs \u00e9l\u00e8ves de l\u2019<strong>\u00e9cole Mother Francissca international Bilingual academy<\/strong>, survenu dans la ville de Kumba. Je condamne avec la plus grande fermet\u00e9 ce crime barbare et l\u00e2che, envers des enfants innocents<\/em>\u00a0\u00bb, d\u00e9plore le pr\u00e9sident Paul Biya dans sa correspondance en circulation sur les r\u00e9seaux sociaux.<\/p>\n<p class=\"c7\">\u00ab\u00a0<em>Je vous demande de continuer d\u2019encadrer et de rassurer toujours davantage nos des concitoyens. J\u2019ai par ailleurs donn\u00e9 instructions pour que des mesures appropri\u00e9es soient prises avec diligence, afin que les auteurs de ces actes ignobles soient interpell\u00e9s par nos forces de d\u00e9fense et de s\u00e9curit\u00e9, et traduits devant la justice\u00a0<\/em>\u00bb, affirme-t-il.<\/p>\n<p class=\"c7\">Aux familles \u00e9prouv\u00e9es et \u00e0 la population dans l\u2019effroi, Paul Biya\u00a0 charge le gouverneur \u00a0\u00ab\u00a0<em>d\u2019adresser aux familles endeuill\u00e9es, ainsi qu\u2019\u00e0 la communaut\u00e9 \u00e9ducative de la r\u00e9gion du sud-ouest, mon enti\u00e8re solidarit\u00e9 et mes sinc\u00e8res condol\u00e9ances. J\u2019y joins mes v\u0153ux de prompt r\u00e9tablissement aux blesses, ainsi que la compassion particuli\u00e8rement \u00e9mue de mon \u00e9pouse<\/em>\u00a0\u00bb.<\/p>\n<\/div>\n<p>Auteur: Christian DJIMADEU<br \/>\n<a href=\"https:\/\/www.journalducameroun.com\/cameroun-paul-biya-ordonne-linterpellation-des-auteurs-du-massacre-de-kumba-cameroun\/\">Cliquez ici pour lire l&rsquo;article depuis sa source.<\/a><\/p>\n","protected":false},"excerpt":{"rendered":"<p>Publi\u00e9 le 26.10.2020 \u00e0 20h55 par Christian Djimadeu Dans un t\u00e9l\u00e9gramme envoy\u00e9 ce 26 octobre 2020 au gouverneur du Sud-Ouest Bernard Okalia Bila\u00ef, le pr\u00e9sident de la R\u00e9publique condamne l\u2019assassinat des \u00e9l\u00e8ves de l\u2019\u00e9cole Mother Francissca international Bilingual academy. 48 heures apr\u00e8s le massacre des \u00e9l\u00e8ves \u00e0 Kumba, le chef de l\u2019Etat Paul Biya \u00e9crit [&hellip;]<\/p>\n","protected":false},"author":1965,"featured_media":0,"comment_status":"closed","ping_status":"closed","sticky":false,"template":"","format":"standard","meta":{"fifu_image_url":"","fifu_image_alt":"","footnotes":""},"categories":[73,82],"tags":[],"class_list":["post-102890","post","type-post","status-publish","format-standard","hentry","category-actualite","category-cameroun"],"_links":{"self":[{"href":"https:\/\/linitiative.ca\/International\/wp-json\/wp\/v2\/posts\/102890","targetHints":{"allow":["GET"]}}],"collection":[{"href":"https:\/\/linitiative.ca\/International\/wp-json\/wp\/v2\/posts"}],"about":[{"href":"https:\/\/linitiative.ca\/International\/wp-json\/wp\/v2\/types\/post"}],"author":[{"embeddable":true,"href":"https:\/\/linitiative.ca\/International\/wp-json\/wp\/v2\/users\/1965"}],"replies":[{"embeddable":true,"href":"https:\/\/linitiative.ca\/International\/wp-json\/wp\/v2\/comments?post=102890"}],"version-history":[{"count":0,"href":"https:\/\/linitiative.ca\/International\/wp-json\/wp\/v2\/posts\/102890\/revisions"}],"wp:attachment":[{"href":"https:\/\/linitiative.ca\/International\/wp-json\/wp\/v2\/media?parent=102890"}],"wp:term":[{"taxonomy":"category","embeddable":true,"href":"https:\/\/linitiative.ca\/International\/wp-json\/wp\/v2\/categories?post=102890"},{"taxonomy":"post_tag","embeddable":true,"href":"https:\/\/linitiative.ca\/International\/wp-json\/wp\/v2\/tags?post=102890"}],"curies":[{"name":"wp","href":"https:\/\/api.w.org\/{rel}","templated":true}]}}