{"id":102891,"date":"2020-10-26T16:26:40","date_gmt":"2020-10-26T20:26:40","guid":{"rendered":"https:\/\/linitiative.ca\/International\/cameroun-elim-can-2022-32-lions-indomptables-convoques-pour-affronter-le-mozambique\/"},"modified":"2020-10-26T16:26:40","modified_gmt":"2020-10-26T20:26:40","slug":"cameroun-elim-can-2022-32-lions-indomptables-convoques-pour-affronter-le-mozambique","status":"publish","type":"post","link":"https:\/\/linitiative.ca\/International\/cameroun-elim-can-2022-32-lions-indomptables-convoques-pour-affronter-le-mozambique\/","title":{"rendered":"Cameroun \u2013 Elim Can 2022 : 32 Lions indomptables convoqu\u00e9s pour affronter le Mozambique"},"content":{"rendered":"<div readability=\"32\">\n<p>Publi\u00e9 le 26.10.2020 \u00e0 21h26 par Christian Djimadeu<\/p>\n<\/div>\n<div readability=\"32\">\n<h2>Le s\u00e9lectionneur du Cameroun Antonio Concei\u00e7ao a rendu public ce 26 octobre 2020 une liste de joueurs qui vont prendre part \u00e0 un stage du 9 au 17 novembre prochain en vue de la double confrontation de la troisi\u00e8me et quatri\u00e8me journ\u00e9e des \u00e9liminatoires de la Coupe d\u2019Afrique des nations 2022. L\u2019on note la pr\u00e9sence de trois\u00a0 joueurs \u00e9voluant sur le continent : le milieu de terrain\u00a0 Aboubakari Seidiki de l\u2019Union sportive de Douala, le d\u00e9fenseur Ngah Fabrice du Raja de Casablanca au Maroc et le gardien de but\u00a0 Simon Omossola\u00a0 nouvelle recrue de l\u2019AS Vita club de RDC.<\/h2>\n<p>Ci-dessous la liste des 32 joueurs convoqu\u00e9s.<\/p>\n<p><img loading=\"lazy\" decoding=\"async\" class=\"alignnone size-full wp-image-377535\" src=\"https:\/\/www.journalducameroun.com\/wp-content\/uploads\/2020\/10\/IMG-20201026-WA0036.jpg\" alt=\"\" width=\"720\" height=\"480\" srcset=\"https:\/\/www.journalducameroun.com\/wp-content\/uploads\/2020\/10\/IMG-20201026-WA0036.jpg 720w, https:\/\/www.journalducameroun.com\/wp-content\/uploads\/2020\/10\/IMG-20201026-WA0036-300x200.jpg 300w, https:\/\/www.journalducameroun.com\/wp-content\/uploads\/2020\/10\/IMG-20201026-WA0036-660x440.jpg 660w, https:\/\/www.journalducameroun.com\/wp-content\/uploads\/2020\/10\/IMG-20201026-WA0036-600x400.jpg 600w\" sizes=\"auto, (max-width: 720px) 100vw, 720px\"\/><\/p>\n<\/div>\n<p>Auteur: Christian DJIMADEU<br \/>\n<a href=\"https:\/\/www.journalducameroun.com\/cameroun-elim-can-2022-32-lions-indomptables-convoques-pour-affronter-le-mozambique-cameroun\/\">Cliquez ici pour lire l&rsquo;article depuis sa source.<\/a><\/p>\n","protected":false},"excerpt":{"rendered":"<p>Publi\u00e9 le 26.10.2020 \u00e0 21h26 par Christian Djimadeu Le s\u00e9lectionneur du Cameroun Antonio Concei\u00e7ao a rendu public ce 26 octobre 2020 une liste de joueurs qui vont prendre part \u00e0 un stage du 9 au 17 novembre prochain en vue de la double confrontation de la troisi\u00e8me et quatri\u00e8me journ\u00e9e des \u00e9liminatoires de la Coupe [&hellip;]<\/p>\n","protected":false},"author":1965,"featured_media":102892,"comment_status":"closed","ping_status":"closed","sticky":false,"template":"","format":"standard","meta":{"fifu_image_url":"","fifu_image_alt":"","footnotes":""},"categories":[73,82],"tags":[],"class_list":["post-102891","post","type-post","status-publish","format-standard","has-post-thumbnail","hentry","category-actualite","category-cameroun"],"_links":{"self":[{"href":"https:\/\/linitiative.ca\/International\/wp-json\/wp\/v2\/posts\/102891","targetHints":{"allow":["GET"]}}],"collection":[{"href":"https:\/\/linitiative.ca\/International\/wp-json\/wp\/v2\/posts"}],"about":[{"href":"https:\/\/linitiative.ca\/International\/wp-json\/wp\/v2\/types\/post"}],"author":[{"embeddable":true,"href":"https:\/\/linitiative.ca\/International\/wp-json\/wp\/v2\/users\/1965"}],"replies":[{"embeddable":true,"href":"https:\/\/linitiative.ca\/International\/wp-json\/wp\/v2\/comments?post=102891"}],"version-history":[{"count":0,"href":"https:\/\/linitiative.ca\/International\/wp-json\/wp\/v2\/posts\/102891\/revisions"}],"wp:featuredmedia":[{"embeddable":true,"href":"https:\/\/linitiative.ca\/International\/wp-json\/"}],"wp:attachment":[{"href":"https:\/\/linitiative.ca\/International\/wp-json\/wp\/v2\/media?parent=102891"}],"wp:term":[{"taxonomy":"category","embeddable":true,"href":"https:\/\/linitiative.ca\/International\/wp-json\/wp\/v2\/categories?post=102891"},{"taxonomy":"post_tag","embeddable":true,"href":"https:\/\/linitiative.ca\/International\/wp-json\/wp\/v2\/tags?post=102891"}],"curies":[{"name":"wp","href":"https:\/\/api.w.org\/{rel}","templated":true}]}}