{"id":102898,"date":"2020-10-26T13:24:13","date_gmt":"2020-10-26T17:24:13","guid":{"rendered":"https:\/\/linitiative.ca\/International\/camrail-remet-des-kits-scolaires-aux-enfants-des-victimes-de-la-catastrophe-deseka\/"},"modified":"2020-10-26T13:24:13","modified_gmt":"2020-10-26T17:24:13","slug":"camrail-remet-des-kits-scolaires-aux-enfants-des-victimes-de-la-catastrophe-deseka","status":"publish","type":"post","link":"https:\/\/linitiative.ca\/International\/camrail-remet-des-kits-scolaires-aux-enfants-des-victimes-de-la-catastrophe-deseka\/","title":{"rendered":"Camrail remet des kits scolaires aux enfants des victimes de la catastrophe d\u2019Eseka"},"content":{"rendered":"<p>Ce mercredi 21 octobre 2020, les responsables de la Cameroon Railway Corporation (Camrail) ont tenu \u00a0\u00e0 comm\u00e9morer \u00a0les victimes de l\u2019accident ferroviaire du 21 octobre 2016 \u00e0 Eseka \u00e0 travers\u00a0 leur prog\u00e9niture. Ainsi, des c\u00e9r\u00e9monies de remise de dons ont \u00e9t\u00e9 organis\u00e9es dans les villes de Douala, Yaound\u00e9, Belabo et Ngaound\u00e9r\u00e9 pour soutenir les orphelins de ce drame qui a cout\u00e9 la vie \u00e0 79 personnes.<\/p>\n<p><strong>Lire aussi<\/strong> : \u00a0<a href=\"https:\/\/ecomatin.net\/affaire-sitrafer-camrail-le-proces-renvoye-a-cause-des-inondations\/\">Affaire Sitrafer\/Camrail le proc\u00e8s renvoy\u00e9 \u00e0 cause des inondations<\/a><\/p>\n<p>Parmi les dons distribu\u00e9s, l\u2019on comptait du mat\u00e9riel anti Covid-19, des kits scolaires pour ces enfants, ainsi que plusieurs bons de commandes et d\u2019achats. Le geste n\u2019est en rien anodin car \u00e0 travers ce dernier, l\u2019entreprise a voulu att\u00e9nuer aupr\u00e8s des familles la pression mat\u00e9rielle et financi\u00e8re en cette p\u00e9riode de rentr\u00e9e scolaire. Pascal Miny, Directeur g\u00e9n\u00e9ral de Camrail affirmait d\u2019ailleurs dans les colonnes du quotidien national Cameroon Tribune, \u00a0parution du 23 octobre 2020 que la journ\u00e9e\u00a0 \u00e9tait \u00ab\u00a0<em>marqu\u00e9e par le souvenir et cette c\u00e9r\u00e9monie est marqu\u00e9e par\u00a0 le respect et la mise en valeur des m\u00e9moires, et notre devoir est de m\u00e9moire<\/em>\u00a0\u00bb.<\/p>\n<p><strong>Lire aussi<\/strong> : <a href=\"https:\/\/ecomatin.net\/hydrocarbures-camrail-a-transporte-832-000-m3-de-produits-petroliers-en-2019\/\">Hydrocarbures\u00a0: Camrail a transport\u00e9 832\u00a0000m<sup>3<\/sup>\u00a0de produits p\u00e9troliers en 2019<\/a><\/p>\n<p>Le top management de la filiale du groupe Bollor\u00e9 par la m\u00eame occasion f\u00e9licite les personnes qui encadrent ces enfants depuis la disparition de leurs parents. \u00ab\u00a0<em>Une chose est certaine, nous avons r\u00e9solu de tourner la page sans pour autant tourner le dos \u00e0 leur m\u00e9moire<\/em>\u00a0\u00bb, console le patron de l\u2019entreprise, qui annonce par la m\u00eame occasion la phase finale du processus d\u2019indemnisation\u00a0<em>\u00ab men\u00e9e dans le respect des droits des victimes et des familles\u00bb<\/em>. Les familles ont re\u00e7u ces dons avec une grande joie.<\/p>\n<p><strong>Lire aussi<\/strong> : <a href=\"https:\/\/ecomatin.net\/sitrafer-camrail-la-bataille-juridique-pour-lentretien-du-chemin-de-fer-se-poursuit-au-penal\/\">Sitrafer\/Camrail\u00a0: la bataille juridique pour l\u2019entretien du chemin de fer se poursuit au p\u00e9nal<\/a><\/p>\n<p>Dans le programme de la Camrail selon des sources m\u00e9diatiques, il est \u00e9galement pr\u00e9vu\u00a0 dans les prochains jours, la distribution des table-bancs \u00e0 la Mairie d\u2019Es\u00e9ka, pour renforcer l\u2019offre de mat\u00e9riel didactique de cette communaut\u00e9 riveraine. Depuis le 18 octobre 2020, le personnel de Camrail participe aussi \u00e0 des c\u00e9r\u00e9monies de recueillement et des pri\u00e8res en la m\u00e9moire des victimes avec le concours des confessions religieuses.<\/p>\n<p>Cette comm\u00e9moration co\u00efncide avec la phase finale du processus d\u2019indemnisation men\u00e9 dans le respect des droits des victimes et des familles. A ce sujet, le Dg de Camrail a expliqu\u00e9\u00a0: \u00ab\u00a0<em>on pourrait se dire que quatre ans \u00e7a semble long, n\u00e9anmoins\u00a0; les dossiers qui restent en cours sont des dossiers de personnes qui ont \u00e9t\u00e9 bless\u00e9es, et qui sont toujours sous soins. Donc tant que les gens seront en soins, les dossiers seront ouverts\u00a0<\/em>\u00bb.<\/p>\n<p><strong>Lire aussi<\/strong> : <a href=\"https:\/\/ecomatin.net\/catastrophe-ferroviaire-deseka-camrail-donne-les-details-des-indemnisations-au-31-juillet-2019\/\">Catastrophe ferroviaire d\u2019Es\u00e9ka\u00a0: Camrail donne les d\u00e9tails des indemnisations au 31 juillet 2019<\/a><\/p>\n<div class=\"awac-wrapper awac widget posts-list-widget-11\">\n<h4 class=\"widget-title\">Le plus r\u00e9cent<\/h4>\n<\/div>\n<p>Auteur: Eco Matin<br \/>\n<a href=\"https:\/\/ecomatin.net\/camrail-remet-des-kits-scolaires-aux-enfants-des-victimes-de-la-catastrophe-deseka\/\">Cliquez ici pour lire l&rsquo;article depuis sa source.<\/a><\/p>\n","protected":false},"excerpt":{"rendered":"<p>Ce mercredi 21 octobre 2020, les responsables de la Cameroon Railway Corporation (Camrail) ont tenu \u00a0\u00e0 comm\u00e9morer \u00a0les victimes de l\u2019accident ferroviaire du 21 octobre 2016 \u00e0 Eseka \u00e0 travers\u00a0 leur prog\u00e9niture. Ainsi, des c\u00e9r\u00e9monies de remise de dons ont \u00e9t\u00e9 organis\u00e9es dans les villes de Douala, Yaound\u00e9, Belabo et Ngaound\u00e9r\u00e9 pour soutenir les orphelins [&hellip;]<\/p>\n","protected":false},"author":1969,"featured_media":0,"comment_status":"closed","ping_status":"closed","sticky":false,"template":"","format":"standard","meta":{"fifu_image_url":"","fifu_image_alt":"","footnotes":""},"categories":[82,78],"tags":[],"class_list":["post-102898","post","type-post","status-publish","format-standard","hentry","category-cameroun","category-economie"],"_links":{"self":[{"href":"https:\/\/linitiative.ca\/International\/wp-json\/wp\/v2\/posts\/102898","targetHints":{"allow":["GET"]}}],"collection":[{"href":"https:\/\/linitiative.ca\/International\/wp-json\/wp\/v2\/posts"}],"about":[{"href":"https:\/\/linitiative.ca\/International\/wp-json\/wp\/v2\/types\/post"}],"author":[{"embeddable":true,"href":"https:\/\/linitiative.ca\/International\/wp-json\/wp\/v2\/users\/1969"}],"replies":[{"embeddable":true,"href":"https:\/\/linitiative.ca\/International\/wp-json\/wp\/v2\/comments?post=102898"}],"version-history":[{"count":0,"href":"https:\/\/linitiative.ca\/International\/wp-json\/wp\/v2\/posts\/102898\/revisions"}],"wp:attachment":[{"href":"https:\/\/linitiative.ca\/International\/wp-json\/wp\/v2\/media?parent=102898"}],"wp:term":[{"taxonomy":"category","embeddable":true,"href":"https:\/\/linitiative.ca\/International\/wp-json\/wp\/v2\/categories?post=102898"},{"taxonomy":"post_tag","embeddable":true,"href":"https:\/\/linitiative.ca\/International\/wp-json\/wp\/v2\/tags?post=102898"}],"curies":[{"name":"wp","href":"https:\/\/api.w.org\/{rel}","templated":true}]}}