{"id":102906,"date":"2020-10-27T11:00:55","date_gmt":"2020-10-27T15:00:55","guid":{"rendered":"https:\/\/linitiative.ca\/International\/les-signatures-et-approbation-des-marches-deleguees-aux-directeurs-regionaux\/"},"modified":"2020-10-27T11:00:55","modified_gmt":"2020-10-27T15:00:55","slug":"les-signatures-et-approbation-des-marches-deleguees-aux-directeurs-regionaux","status":"publish","type":"post","link":"https:\/\/linitiative.ca\/International\/les-signatures-et-approbation-des-marches-deleguees-aux-directeurs-regionaux\/","title":{"rendered":"Les signatures et approbation des march\u00e9s d\u00e9l\u00e9gu\u00e9es aux directeurs r\u00e9gionaux"},"content":{"rendered":"<p><img decoding=\"async\" class=\"post_layout_5_img\" src=\"http:\/\/aujourdhui.ma\/wp-content\/uploads\/2020\/10\/Othman-El-Ferdaous.jpg\" alt=\"Les signatures et approbation des march&#xE9;s d&#xE9;l&#xE9;gu&#xE9;es aux directeurs r&#xE9;gionaux\"\/><\/p>\n<p><strong>Othman El Ferdaous d\u00e9l\u00e8gue ses signatures. Une d\u00e9marche entreprise par le ministre de la culture, de la jeunesse et des sports en vertu de la d\u00e9cision n\u00b02338.20, publi\u00e9e tout r\u00e9cemment au BO.<\/strong><span id=\"more-359016\"\/> Comme le stipule le premier article de cette d\u00e9cision, consacr\u00e9e \u00e9galement \u00e0 l\u2019approbation des march\u00e9s, ce sont les directeurs r\u00e9gionaux et provinciaux qui se voient \u00abd\u00e9l\u00e9guer les signatures pour les ordres adress\u00e9s aux fonctionnaires et leurs collaborateurs pour accomplir des missions dans le Royaume\u00bb.<\/p>\n<p><strong>Approbation de march\u00e9s de 6 millions DH<\/strong><\/p>\n<p>Ces responsables se voient \u00e9galement d\u00e9l\u00e9guer, selon le deuxi\u00e8me article de la publication officielle, \u00abl\u2019approbation des march\u00e9s, portant sur des travaux, fournitures ou services, conclus pour le compte de l\u2019Etat et au profit du minist\u00e8re de la culture, de la jeunesse et des sports, ainsi que leur annulation, voire des documents qui y sont aff\u00e9rents si leur montant ne d\u00e9passe pas 6 millions DH\u00bb. Aussi, cette d\u00e9l\u00e9gation d\u2019approbation s\u2019\u00e9tale, selon le troisi\u00e8me article, aux march\u00e9s ainsi qu\u2019\u00e0 leurs documents relatifs \u00abaux directions provinciales relevant de leur ressort territorial \u00e0 raison de 6 millions DH\u00bb. Et ce n\u2019est pas tout. La d\u00e9cision n\u00b02346.20, publi\u00e9e au m\u00eame BO, pr\u00e9voit la d\u00e9l\u00e9gation aux directeurs r\u00e9gionaux et leurs collaborateurs. Ainsi, ils peuvent apposer leur \u00absignature ou visa\u00bb sur diff\u00e9rents documents.<\/p>\n<p><strong>Autorisations de gestion du patrimoine et autres<\/strong><\/p>\n<p>Ces documents concernent \u00ables autorisations relatives \u00e0 la gestion du patrimoine architectural et monumental\u00bb. Il s\u2019agit, en d\u00e9tail, de l\u2019autorisation de louer les espaces des sites historiques et monuments, de la r\u00e9duction des frais de visite des monuments historiques par les groupes d\u2019\u00e9l\u00e8ves et d\u2019\u00e9tudiants, ainsi que des travaux dans les \u00e9difications historiques ou sites de patrimoine. Les autorisations concernent \u00e9galement la location ou l\u2019exploitation de salles et galeries d\u2019exposition relevant du minist\u00e8re de la culture ainsi que les s\u00e9ances dans les conservatoires de musique et d\u2019art chor\u00e9graphique relevant du minist\u00e8re de la culture. En outre, la d\u00e9l\u00e9gation de signature concerne la gestion des affaires des fonctionnaires portant entre autres sur leurs ordres de missions au sein du Royaume. Mieux encore, la signature est d\u00e9l\u00e9gu\u00e9e auxdits responsables concernant \u00ables ordres de recette relatifs aux march\u00e9s, bons de commande, contrats de droit commun et d\u00e9cisions administratives individuelles ayant trait au budget d\u00e9l\u00e9gu\u00e9 dans le cadre du budget g\u00e9n\u00e9ral et du Fonds national pour l\u2019action culturelle (FNAC)\u00bb. De surcro\u00eet, les directeurs r\u00e9gionaux de la culture se voient d\u00e9l\u00e9guer \u00abl\u2019approbation des march\u00e9s ayant trait aux services qui en rel\u00e8vent et leur annulation ainsi que tous les documents et les relev\u00e9s de compte d\u00e9finitifs les concernant hormis les march\u00e9s conclus par appels d\u2019offres d\u00e9passant 3 millions DH\u00bb. Aussi, la signature est d\u00e9l\u00e9gu\u00e9e aux directeurs provinciaux, \u00e0 leur tour, quant \u00e0 ces autorisations pr\u00e9vues \u00e9galement par la d\u00e9cision 2347.20 publi\u00e9e au m\u00eame BO. w<\/p>\n<p>Auteur: ALM<br \/>\n<a href=\"https:\/\/aujourdhui.ma\/culture\/les-signatures-et-approbation-des-marches-deleguees-aux-directeurs-regionaux\">Cliquez ici pour lire l&rsquo;article depuis sa source.<\/a><\/p>\n","protected":false},"excerpt":{"rendered":"<p>Othman El Ferdaous d\u00e9l\u00e8gue ses signatures. Une d\u00e9marche entreprise par le ministre de la culture, de la jeunesse et des sports en vertu de la d\u00e9cision n\u00b02338.20, publi\u00e9e tout r\u00e9cemment au BO. Comme le stipule le premier article de cette d\u00e9cision, consacr\u00e9e \u00e9galement \u00e0 l\u2019approbation des march\u00e9s, ce sont les directeurs r\u00e9gionaux et provinciaux qui [&hellip;]<\/p>\n","protected":false},"author":1759,"featured_media":102907,"comment_status":"closed","ping_status":"closed","sticky":false,"template":"","format":"standard","meta":{"fifu_image_url":"","fifu_image_alt":"","footnotes":""},"categories":[73,54],"tags":[],"class_list":["post-102906","post","type-post","status-publish","format-standard","has-post-thumbnail","hentry","category-actualite","category-maroc"],"_links":{"self":[{"href":"https:\/\/linitiative.ca\/International\/wp-json\/wp\/v2\/posts\/102906","targetHints":{"allow":["GET"]}}],"collection":[{"href":"https:\/\/linitiative.ca\/International\/wp-json\/wp\/v2\/posts"}],"about":[{"href":"https:\/\/linitiative.ca\/International\/wp-json\/wp\/v2\/types\/post"}],"author":[{"embeddable":true,"href":"https:\/\/linitiative.ca\/International\/wp-json\/wp\/v2\/users\/1759"}],"replies":[{"embeddable":true,"href":"https:\/\/linitiative.ca\/International\/wp-json\/wp\/v2\/comments?post=102906"}],"version-history":[{"count":0,"href":"https:\/\/linitiative.ca\/International\/wp-json\/wp\/v2\/posts\/102906\/revisions"}],"wp:featuredmedia":[{"embeddable":true,"href":"https:\/\/linitiative.ca\/International\/wp-json\/"}],"wp:attachment":[{"href":"https:\/\/linitiative.ca\/International\/wp-json\/wp\/v2\/media?parent=102906"}],"wp:term":[{"taxonomy":"category","embeddable":true,"href":"https:\/\/linitiative.ca\/International\/wp-json\/wp\/v2\/categories?post=102906"},{"taxonomy":"post_tag","embeddable":true,"href":"https:\/\/linitiative.ca\/International\/wp-json\/wp\/v2\/tags?post=102906"}],"curies":[{"name":"wp","href":"https:\/\/api.w.org\/{rel}","templated":true}]}}