{"id":102908,"date":"2020-10-27T11:33:39","date_gmt":"2020-10-27T15:33:39","guid":{"rendered":"https:\/\/linitiative.ca\/International\/il-viole-sa-voisine-devant-les-regards-de-ses-deux-enfants\/"},"modified":"2020-10-27T11:33:39","modified_gmt":"2020-10-27T15:33:39","slug":"il-viole-sa-voisine-devant-les-regards-de-ses-deux-enfants","status":"publish","type":"post","link":"https:\/\/linitiative.ca\/International\/il-viole-sa-voisine-devant-les-regards-de-ses-deux-enfants\/","title":{"rendered":"Il viole sa voisine devant les regards de ses deux enfants"},"content":{"rendered":"<p><img decoding=\"async\" class=\"post_layout_5_img\" src=\"http:\/\/aujourdhui.ma\/wp-content\/uploads\/2019\/03\/Viol.jpg\" alt=\"Il viole sa voisine devant les regards de ses deux enfants\"\/><\/p>\n<p><strong>Elle se tient \u00e0 la chambre criminelle pr\u00e8s la Cour d\u2019appel d\u2019El Jadida pour confirmer aux trois magistrats qu\u2019elle a \u00e9t\u00e9 viol\u00e9e par ce jeune homme qui se tient au box des accus\u00e9s.<\/strong><span id=\"more-359021\"\/> Quant \u00e0 ce dernier, il pr\u00e9tend qu\u2019il ne se souvient de rien car, dit-il, il \u00e9tait sous l\u2019effet de l\u2019alcool, pour ne pas \u00eatre jug\u00e9 coupable ou b\u00e9n\u00e9ficier des circonstances att\u00e9nuantes. Mais le mis en cause ne sait pas que le fait d\u2019avancer avoir \u00e9t\u00e9 ivre n\u2019est pas en sa faveur. Au contraire, il s\u2019agit d\u2019une circonstance aggravante. Cette m\u00e8re de deux enfants, \u00e2g\u00e9e de vingt-et-un ans, pr\u00e9cise \u00e0 la Cour qu\u2019elle \u00e9tait chez elle, la nuit, en compagnie de ses deux enfants, quand elle a entendu l\u2019aboiement de son chien. R\u00e9veill\u00e9e en sursaut ainsi que ses enfants, elle est rest\u00e9e clou\u00e9e \u00e0 son lit. En fait, son mari qui travaille \u00e0 Jorf Lasfar ne retournait, chez lui, au douar Ela\u00e2babsa relevant de la commune rurale Haouzia, province d\u2019El Jadida, que chaque week-end.<\/p>\n<p>Tout d\u2019un coup, elle remarque la lumi\u00e8re provenant d\u2019une torche qui s\u2019approche de sa chambre, ajoute-t-elle \u00e0 la Cour. Horrifi\u00e9e, elle se fixe sur son lit sans pouvoir pousser un cri ou demander secours. Enfin, un jeune homme, son voisin, fait irruption dans sa chambre, arm\u00e9 d\u2019un couteau. Il la menace de la tuer si elle ne lui c\u00e8de pas. Il lui met le couteau sous la gorge tout en l\u2019ordonnant de se d\u00e9nuder. Elle n\u2019avait pas le choix surtout qu\u2019il a \u00e9galement menac\u00e9 de tuer ses deux enfants si elle faisait de la r\u00e9sistance. Les larmes aux yeux, elle s\u2019est ex\u00e9cut\u00e9e. D\u00e8s qu\u2019il a termin\u00e9, a-t-elle pr\u00e9cis\u00e9 \u00e0 la Cour, il a pris la fuite et elle a quitt\u00e9 sa chambre pour aller en courant demander secours \u00e0 ses voisins. Son beau-fr\u00e8re qui s\u2019est r\u00e9veill\u00e9 enfin a t\u00e9l\u00e9phon\u00e9 \u00e0 son mari qui s\u2019est aussit\u00f4t d\u00e9p\u00each\u00e9 au douar. Tous les deux ont commenc\u00e9 \u00e0 chercher le mis en cause. En le trouvant, ils lui ont ligot\u00e9 les mains et les pieds avec une corde et ont alert\u00e9 le cheikh du douar qui, \u00e0 son tour, a inform\u00e9 les gendarmes\u2026<br \/>Verdict : Dix ans de r\u00e9clusion criminelle.<\/p>\n<p>Auteur: Abderrafii ALOUMLIKI<br \/>\n<a href=\"https:\/\/aujourdhui.ma\/faits-divers\/il-viole-sa-voisine-devant-les-regards-de-ses-deux-enfants\">Cliquez ici pour lire l&rsquo;article depuis sa source.<\/a><\/p>\n","protected":false},"excerpt":{"rendered":"<p>Elle se tient \u00e0 la chambre criminelle pr\u00e8s la Cour d\u2019appel d\u2019El Jadida pour confirmer aux trois magistrats qu\u2019elle a \u00e9t\u00e9 viol\u00e9e par ce jeune homme qui se tient au box des accus\u00e9s. Quant \u00e0 ce dernier, il pr\u00e9tend qu\u2019il ne se souvient de rien car, dit-il, il \u00e9tait sous l\u2019effet de l\u2019alcool, pour ne [&hellip;]<\/p>\n","protected":false},"author":1759,"featured_media":102909,"comment_status":"closed","ping_status":"closed","sticky":false,"template":"","format":"standard","meta":{"fifu_image_url":"","fifu_image_alt":"","footnotes":""},"categories":[73,54],"tags":[],"class_list":["post-102908","post","type-post","status-publish","format-standard","has-post-thumbnail","hentry","category-actualite","category-maroc"],"_links":{"self":[{"href":"https:\/\/linitiative.ca\/International\/wp-json\/wp\/v2\/posts\/102908","targetHints":{"allow":["GET"]}}],"collection":[{"href":"https:\/\/linitiative.ca\/International\/wp-json\/wp\/v2\/posts"}],"about":[{"href":"https:\/\/linitiative.ca\/International\/wp-json\/wp\/v2\/types\/post"}],"author":[{"embeddable":true,"href":"https:\/\/linitiative.ca\/International\/wp-json\/wp\/v2\/users\/1759"}],"replies":[{"embeddable":true,"href":"https:\/\/linitiative.ca\/International\/wp-json\/wp\/v2\/comments?post=102908"}],"version-history":[{"count":0,"href":"https:\/\/linitiative.ca\/International\/wp-json\/wp\/v2\/posts\/102908\/revisions"}],"wp:featuredmedia":[{"embeddable":true,"href":"https:\/\/linitiative.ca\/International\/wp-json\/"}],"wp:attachment":[{"href":"https:\/\/linitiative.ca\/International\/wp-json\/wp\/v2\/media?parent=102908"}],"wp:term":[{"taxonomy":"category","embeddable":true,"href":"https:\/\/linitiative.ca\/International\/wp-json\/wp\/v2\/categories?post=102908"},{"taxonomy":"post_tag","embeddable":true,"href":"https:\/\/linitiative.ca\/International\/wp-json\/wp\/v2\/tags?post=102908"}],"curies":[{"name":"wp","href":"https:\/\/api.w.org\/{rel}","templated":true}]}}