{"id":102912,"date":"2020-10-27T09:30:30","date_gmt":"2020-10-27T13:30:30","guid":{"rendered":"https:\/\/linitiative.ca\/International\/%ef%bb%bfcovid-19-la-france-se-prepare-a-des-decisions-difficiles\/"},"modified":"2020-10-27T09:30:30","modified_gmt":"2020-10-27T13:30:30","slug":"%ef%bb%bfcovid-19-la-france-se-prepare-a-des-decisions-difficiles","status":"publish","type":"post","link":"https:\/\/linitiative.ca\/International\/%ef%bb%bfcovid-19-la-france-se-prepare-a-des-decisions-difficiles\/","title":{"rendered":"\ufeffCovid-19: la France se pr\u00e9pare \u00e0 des \u00abd\u00e9cisions difficiles\u00bb"},"content":{"rendered":"<p class=\"c2\"><strong>Peut-\u00eatre un retour au confinement<\/strong><\/p>\n<p class=\"has-text-color c3\"><strong>Emmanuel Macron a fait le point mardi matin lors d\u2019un conseil de d\u00e9fense sur l\u2019\u00e9pid\u00e9mie de Covid-19 pour pr\u00e9parer un nouveau tour de vis des mesures de lutte, qui pourrait aller jusqu\u2019\u00e0 un reconfinement.<\/strong><\/p>\n<p>Ce conseil de d\u00e9fense autour du pr\u00e9sident, en pr\u00e9sence du Premier ministre Jean Castex et d\u2019une dizaine de ministres, \u00e9tait la premi\u00e8re d\u2019une s\u00e9rie de r\u00e9unions pr\u00e9vues dans les 48 heures.<\/p>\n<p>En fin d\u2019apr\u00e8s-midi, Jean Castex recevra les responsables politiques puis les partenaires sociaux \u00e0 Matignon pour les \u00abconsulter\u00bb sur \u00ables durcissements envisag\u00e9s\u00bb. Puis un nouveau conseil de d\u00e9fense se tiendra mercredi matin pour prendre les d\u00e9cisions qui seront annonc\u00e9es aux Fran\u00e7ais d\u2019ici la fin de la semaine.<\/p>\n<p>\u00abIl faut s\u2019attendre \u00e0 des d\u00e9cisions difficiles\u00bb, a pr\u00e9venu mardi le ministre de l\u2019Int\u00e9rieur G\u00e9rald Darmanin, en \u00e9cho aux propos alarmants tenus par plusieurs m\u00e9decins ces derniers jours.<\/p>\n<p>\u00abA un moment il faut prendre des d\u00e9cisions dures (\u2026) comme tous nos voisins\u00bb europ\u00e9ens, a-t-il ajout\u00e9 sur France Inter, faisant r\u00e9f\u00e9rence aux nouvelles restrictions pr\u00e9vues en Italie, en Espagne ou en R\u00e9publique tch\u00e8que.<\/p>\n<p>Le pr\u00e9sident du Conseil scientifique, Jean-Fran\u00e7ois Delfraissy, avait pr\u00e9par\u00e9 le terrain lundi en qualifiant la situation en France de \u00abcritique\u00bb, disant craindre que la deuxi\u00e8me vague soit \u00abplus forte que la premi\u00e8re\u00bb.<\/p>\n<p>Le nombre de cas positifs confirm\u00e9s a cr\u00fb de 26.771 en 24 heures, selon les chiffres de Sant\u00e9 publique France de lundi. La veille, la France avait battu un nouveau record avec plus de 50.000 cas positifs confirm\u00e9s en un jour. Le professeur Delfraissy a m\u00eame estim\u00e9 que le nombre r\u00e9el de contaminations tournerait \u00abautour de 100.000 cas par jour\u00bb.<\/p>\n<p>Le nombre de patients en r\u00e9animation continue \u00e0 grimper, augmentant la pression sur les h\u00f4pitaux. Leur nombre s\u2019\u00e9levait lundi \u00e0 2.761, pour un total de 5.800 lits de r\u00e9a dans toute la France.<\/p>\n<p>Mardi matin, l\u2019ARS des Pays de la Loire a annonc\u00e9 attendre huit patients transf\u00e9r\u00e9s par avion en provenance d\u2019Auvergne Rh\u00f4ne-Alpes et l\u2019ARS Bretagne a accueilli de son c\u00f4t\u00e9 quatre patients d\u2019Occitanie.<\/p>\n<p>Taboue il y a encore quelques semaines, l\u2019hypoth\u00e8se du reconfinement est d\u00e9sormais consid\u00e9r\u00e9e comme une n\u00e9cessit\u00e9 par un nombre grandissant de scientifiques et de politiques, qui esp\u00e8rent \u00e9viter qu\u2019il soit national et total.<\/p>\n<p>Il va \u00abfalloir faire avec des semaines qui seront plus que difficiles\u00bb, a pr\u00e9dit l\u2019infectiologue Gilles Pialoux, en se pronon\u00e7ant pour l\u2019adoption d\u2019une \u00abmesure drastique, qu\u2019on appellera confinement\u00bb.<\/p>\n<p>Pour lui, \u00abla difficult\u00e9 actuelle\u00bb r\u00e9side dans la \u00abdimension nationale de l\u2019\u00e9pid\u00e9mie (\u2026) alors qu\u2019on \u00e9tait plut\u00f4t dans une \u00e9pid\u00e9mie concentr\u00e9e (sur quelques r\u00e9gions, ndlr) en France \u00e0 la premi\u00e8re vague\u00bb. De ce fait, \u00abparler de confinement r\u00e9gional avec les donn\u00e9es qui circulent actuellement \u00e7a n\u2019a pas de sens\u00bb, a ajout\u00e9 sur BFMTV le chef du service des maladies infectieuses \u00e0 l\u2019h\u00f4pital Tenon \u00e0 Paris.<\/p>\n<p>Le professeur Delfraissy avait avanc\u00e9 lundi deux \u00abhypoth\u00e8ses\u00bb, dont la premi\u00e8re est \u00abd\u2019aller vers un couvre-feu \u00abplus massif, \u00e0 la fois dans ses horaires, dans son \u00e9tendue au niveau du territoire national et qui puisse \u00e9galement \u00eatre mis en place le week-end\u00bb. La seconde est \u00abd\u2019aller directement vers un confinement\u00bb, mais \u00abmoins dur\u00bb et moins long que celui de mars \u00e0 mai, selon lui.<\/p>\n<p>Dans ce dernier cas, se pose notamment la question de la r\u00e9ouverture des coll\u00e8ges, lyc\u00e9es et universit\u00e9s le 2 novembre apr\u00e8s les vacances de la Toussaint.<\/p>\n<p>Quelque 46 millions d\u2019habitants sont d\u00e9sormais soumis \u00e0 un couvre-feu nocturne entre 21H00 et 06H00 du matin.<\/p>\n<p>Les politiques semblent r\u00e9sign\u00e9s au durcissement des mesures.<\/p>\n<p>\u00abJe pr\u00e9f\u00e8re des confinements locaux \u00e0 la Toussaint qu\u2019un confinement g\u00e9n\u00e9ralis\u00e9 \u00e0 No\u00ebl\u00bb, a ainsi estim\u00e9 le chef de file des d\u00e9put\u00e9s LR, Damien Abad, sur France Info.<\/p>\n<p>\u00abUn nouveau confinement ne doit \u00eatre que l\u2019ultime recours, parce qu\u2019il aura des cons\u00e9quences cataclysmiques sur la vie \u00e9conomique\u00bb, a pour sa part pr\u00e9venu sur Cnews le vice-pr\u00e9sident du Rassemblement national Jordan Bardella.<\/p>\n<p>Eric Piolle, le maire EELV de Grenoble, a r\u00e9clam\u00e9 pour sa part au gouvernement qu\u2019il \u00abpartage ses sc\u00e9narios, notamment de reconfinement partiel\u00bb.<\/p>\n<p>Le pr\u00e9sident du Medef, Geoffroy Roux de B\u00e9zieux, avait alert\u00e9 lundi sur le fait que \u00absi on reconfine totalement comme on l\u2019a fait en mars, ce n\u2019est pas moins 10% de r\u00e9cession qu\u2019on risque, c\u2019est un \u00e9croulement de l\u2019\u00e9conomie\u00bb.<\/p>\n<p>La Conf\u00e9d\u00e9ration des petites et moyennes entreprises (CPME) a \u00e9galement mis en garde mardi contre le risque d\u2019un \u00abeffondrement de l\u2019\u00e9conomie fran\u00e7aise\u00bb en cas de \u00abreconfinement total ou partiel\u00bb. \u00abLes entreprises sont aujourd\u2019hui beaucoup plus fragiles qu\u2019au mois de mars et beaucoup d\u2019entre elles, notamment les plus petites, seraient dans l\u2019incapacit\u00e9 d\u2019assumer un endettement suppl\u00e9mentaire\u00bb, selon elle.<\/p>\n<p>Dans la nuit de lundi \u00e0 mardi, les d\u00e9put\u00e9s ont vot\u00e9 en premi\u00e8re lecture la premi\u00e8re phase du plan de relance, 22 milliards en 2021 sur les 100 milliards pr\u00e9vus d\u2019ici \u00e0 2022, un plan cens\u00e9 permettre \u00e0 la France de rebondir face \u00e0 la r\u00e9cession \u00e9conomique.<\/p>\n<p>En mars, le confinement avait \u00e9t\u00e9 d\u00e9cid\u00e9 pour \u00e9viter que le syst\u00e8me hospitalier ne craque sous un afflux trop important de malades du Covid. L\u2019\u00e9pid\u00e9mie a fait 35.018 morts dans le pays depuis ses d\u00e9buts, selon les chiffres de Sant\u00e9 publique France.<\/p>\n<p class=\"c4\">(AFP)<\/p>\n<p>Auteur: M&rsquo;hammed rahal<br \/>\n<a href=\"http:\/\/albayane.press.ma\/%EF%BB%BFcovid-19-la-france-se-prepare-a-des-decisions-difficiles.html\">Cliquez ici pour lire l&rsquo;article depuis sa source.<\/a><\/p>\n","protected":false},"excerpt":{"rendered":"<p>Peut-\u00eatre un retour au confinement Emmanuel Macron a fait le point mardi matin lors d\u2019un conseil de d\u00e9fense sur l\u2019\u00e9pid\u00e9mie de Covid-19 pour pr\u00e9parer un nouveau tour de vis des mesures de lutte, qui pourrait aller jusqu\u2019\u00e0 un reconfinement. Ce conseil de d\u00e9fense autour du pr\u00e9sident, en pr\u00e9sence du Premier ministre Jean Castex et d\u2019une [&hellip;]<\/p>\n","protected":false},"author":1760,"featured_media":0,"comment_status":"closed","ping_status":"closed","sticky":false,"template":"","format":"standard","meta":{"fifu_image_url":"","fifu_image_alt":"","footnotes":""},"categories":[73,54],"tags":[],"class_list":["post-102912","post","type-post","status-publish","format-standard","hentry","category-actualite","category-maroc"],"_links":{"self":[{"href":"https:\/\/linitiative.ca\/International\/wp-json\/wp\/v2\/posts\/102912","targetHints":{"allow":["GET"]}}],"collection":[{"href":"https:\/\/linitiative.ca\/International\/wp-json\/wp\/v2\/posts"}],"about":[{"href":"https:\/\/linitiative.ca\/International\/wp-json\/wp\/v2\/types\/post"}],"author":[{"embeddable":true,"href":"https:\/\/linitiative.ca\/International\/wp-json\/wp\/v2\/users\/1760"}],"replies":[{"embeddable":true,"href":"https:\/\/linitiative.ca\/International\/wp-json\/wp\/v2\/comments?post=102912"}],"version-history":[{"count":0,"href":"https:\/\/linitiative.ca\/International\/wp-json\/wp\/v2\/posts\/102912\/revisions"}],"wp:attachment":[{"href":"https:\/\/linitiative.ca\/International\/wp-json\/wp\/v2\/media?parent=102912"}],"wp:term":[{"taxonomy":"category","embeddable":true,"href":"https:\/\/linitiative.ca\/International\/wp-json\/wp\/v2\/categories?post=102912"},{"taxonomy":"post_tag","embeddable":true,"href":"https:\/\/linitiative.ca\/International\/wp-json\/wp\/v2\/tags?post=102912"}],"curies":[{"name":"wp","href":"https:\/\/api.w.org\/{rel}","templated":true}]}}