{"id":102914,"date":"2020-10-27T10:29:03","date_gmt":"2020-10-27T14:29:03","guid":{"rendered":"https:\/\/linitiative.ca\/International\/tanger-de-nouvelles-mesures-restrictives-en-vigueur-a-lapproche-de-la-fete-du-mawlid%ef%bb%bf\/"},"modified":"2020-10-27T10:29:03","modified_gmt":"2020-10-27T14:29:03","slug":"tanger-de-nouvelles-mesures-restrictives-en-vigueur-a-lapproche-de-la-fete-du-mawlid%ef%bb%bf","status":"publish","type":"post","link":"https:\/\/linitiative.ca\/International\/tanger-de-nouvelles-mesures-restrictives-en-vigueur-a-lapproche-de-la-fete-du-mawlid%ef%bb%bf\/","title":{"rendered":"Tanger: de nouvelles mesures restrictives en vigueur \u00e0 l\u2019approche de la f\u00eate du Mawlid\ufeff"},"content":{"rendered":"<p class=\"c2\"><strong>Karim Ben Amar<\/strong><\/p>\n<p class=\"has-text-color has-vivid-cyan-blue-color\"><strong>De nouvelles mesures restrictives<\/strong> <strong>ont \u00e9t\u00e9 d\u00e9cid\u00e9es<\/strong> <strong>mardi 27 octobre dans la matin\u00e9e. C\u2019est \u00e0 la suite d\u2019une r\u00e9union tenue au si\u00e8ge de la r\u00e9gion Tanger-T\u00e9touan-Al Hoceima que les autorit\u00e9s comp\u00e9tentes ont annonc\u00e9 ces batteries de mesures. Ces derni\u00e8res surviennent \u00e0 l\u2019approche de la f\u00eate du Mawlid, des vacances scolaires et de la Marche Verte.<\/strong><\/p>\n<p>De nouvelles mesures restrictives vont \u00eatre appliqu\u00e9es. Ces derni\u00e8res entreront en vigueur ce mercredi 28 octobre, et seront maintenues jusqu\u2019au mercredi 11 novembre prochain.<\/p>\n<p>Ces mesures, d\u00e9cid\u00e9es par les autorit\u00e9s locales, s\u2019appliqueront \u00e9galement aux caf\u00e9s et aux commerces de la ville du D\u00e9troit. Ils sont somm\u00e9s de fermer \u00a0\u00e0 22 heures. Aussi, l\u2019interdiction de diffuser les matchs de football est de nouveau d\u2019actualit\u00e9.<\/p>\n<p>Les restaurants quant \u00e0 eux devront fermer \u00e0 23 heures. Les r\u00e8gles de distanciation sociale et les 50% de capacit\u00e9 d\u2019accueil devront \u00eatre respect\u00e9s par l\u2019ensemble de ces \u00e9tablissements, ainsi que l\u2019obligation du port du masque sanitaire.<\/p>\n<p>Le gouverneur de Tanger a rappel\u00e9 la n\u00e9cessit\u00e9 d\u2019un respect strict des mesures de s\u00e9curit\u00e9 sanitaire. A l\u2019issue de cette r\u00e9union, il a \u00e9t\u00e9 d\u00e9cid\u00e9 que tout manquement ou non-respect de ces mesures sera sanctionn\u00e9 par la fermeture totale de l\u2019\u00e9tablissement qui a contrevenu auxdites mesures pour une p\u00e9riode de trois jours.<\/p>\n<p>Il est \u00e0 rappeler que ces nouvelles mesures interviennent au lendemain d\u2019une d\u00e9cision, rendue par les autorit\u00e9s locales, de restreindre l\u2019acc\u00e8s \u00e0 la ville. En effet, depuis le lundi 26 octobre, il est strictement interdit de se rendre \u00e0 Tanger ou de quitter la capitale du Nord sans \u00eatre d\u00fbment muni d\u2019une autorisation exceptionnelle de d\u00e9placement.<\/p>\n<p>Auteur: M&rsquo;hammed rahal<br \/>\n<a href=\"http:\/\/albayane.press.ma\/tanger-de-nouvelles-mesures-restrictives-en-vigueur-a-lapproche-de-la-fete-du-mawlid%EF%BB%BF.html\">Cliquez ici pour lire l&rsquo;article depuis sa source.<\/a><\/p>\n","protected":false},"excerpt":{"rendered":"<p>Karim Ben Amar De nouvelles mesures restrictives ont \u00e9t\u00e9 d\u00e9cid\u00e9es mardi 27 octobre dans la matin\u00e9e. C\u2019est \u00e0 la suite d\u2019une r\u00e9union tenue au si\u00e8ge de la r\u00e9gion Tanger-T\u00e9touan-Al Hoceima que les autorit\u00e9s comp\u00e9tentes ont annonc\u00e9 ces batteries de mesures. Ces derni\u00e8res surviennent \u00e0 l\u2019approche de la f\u00eate du Mawlid, des vacances scolaires et de [&hellip;]<\/p>\n","protected":false},"author":1760,"featured_media":0,"comment_status":"closed","ping_status":"closed","sticky":false,"template":"","format":"standard","meta":{"fifu_image_url":"","fifu_image_alt":"","footnotes":""},"categories":[73,54],"tags":[],"class_list":["post-102914","post","type-post","status-publish","format-standard","hentry","category-actualite","category-maroc"],"_links":{"self":[{"href":"https:\/\/linitiative.ca\/International\/wp-json\/wp\/v2\/posts\/102914","targetHints":{"allow":["GET"]}}],"collection":[{"href":"https:\/\/linitiative.ca\/International\/wp-json\/wp\/v2\/posts"}],"about":[{"href":"https:\/\/linitiative.ca\/International\/wp-json\/wp\/v2\/types\/post"}],"author":[{"embeddable":true,"href":"https:\/\/linitiative.ca\/International\/wp-json\/wp\/v2\/users\/1760"}],"replies":[{"embeddable":true,"href":"https:\/\/linitiative.ca\/International\/wp-json\/wp\/v2\/comments?post=102914"}],"version-history":[{"count":0,"href":"https:\/\/linitiative.ca\/International\/wp-json\/wp\/v2\/posts\/102914\/revisions"}],"wp:attachment":[{"href":"https:\/\/linitiative.ca\/International\/wp-json\/wp\/v2\/media?parent=102914"}],"wp:term":[{"taxonomy":"category","embeddable":true,"href":"https:\/\/linitiative.ca\/International\/wp-json\/wp\/v2\/categories?post=102914"},{"taxonomy":"post_tag","embeddable":true,"href":"https:\/\/linitiative.ca\/International\/wp-json\/wp\/v2\/tags?post=102914"}],"curies":[{"name":"wp","href":"https:\/\/api.w.org\/{rel}","templated":true}]}}