{"id":102922,"date":"2020-10-27T14:53:27","date_gmt":"2020-10-27T18:53:27","guid":{"rendered":"https:\/\/linitiative.ca\/International\/casa-settat-le-secteur-prive-incite-a-privilegier-le-teletravail\/"},"modified":"2020-10-27T14:53:27","modified_gmt":"2020-10-27T18:53:27","slug":"casa-settat-le-secteur-prive-incite-a-privilegier-le-teletravail","status":"publish","type":"post","link":"https:\/\/linitiative.ca\/International\/casa-settat-le-secteur-prive-incite-a-privilegier-le-teletravail\/","title":{"rendered":"Casa-Settat: Le secteur priv\u00e9 incit\u00e9 \u00e0 privil\u00e9gier le t\u00e9l\u00e9travail"},"content":{"rendered":"<div class=\"body\">\n<div class=\"field field-name-body field-type-text-with-summary field-label-hidden\">\n<div class=\"field-items\" readability=\"14.5\">\n<div class=\"field-item even\" property=\"content:encoded\" readability=\"24\">\n<p class=\"rtejustify\">Said Ahmidouch, Wali de la r\u00e9gion de Casa-Settat, a incit\u00e9, samedi 24 octobre, les soci\u00e9t\u00e9s du secteur priv\u00e9 \u00e0 privil\u00e9gier le t\u00e9l\u00e9travail. Cette d\u00e9cision, prise en coordination avec la CGEM, intervient au lendemain de la d\u00e9cision gouvernementale stipulant une s\u00e9rie de mesures suppl\u00e9mentaires pour faire face \u00e0 la propagation du nouveau coronavirus dans la r\u00e9gion. Les entreprises sont invit\u00e9es \u00ab\u00e0 encourager leurs employ\u00e9s \u00e0 travailler en ligne et \u00e0 mettre \u00e0 leur disposition les moyens n\u00e9cessaires pour cela\u00bb. Les entreprises \u00abse doivent \u00e9galement de veiller \u00e0 faire respecter les mesures de pr\u00e9caution sur les lieux de travail et \u00e0 l\u2019int\u00e9rieur des unit\u00e9s de production, tout en poursuivant les mesures pr\u00e9ventives appropri\u00e9es comme la mesure de temp\u00e9rature, l\u2019utilisation des masques de protection, la mise \u00e0 disposition des d\u00e9sinfectants et la distanciation physique\u00bb, souligne un communiqu\u00e9 de la Wilaya. Le Wali de la r\u00e9gion avait appel\u00e9, vendredi dernier, les administrations, les \u00e9tablissements publics et les collectivit\u00e9s territoriales \u00e0 faire de m\u00eame, tout en veillant \u00e0 la continuit\u00e9 du service public et des prestations fournies aux citoyens.<br \/><em>A.E.<\/em><\/p>\n<\/div>\n<\/div>\n<\/div>\n<\/div>\n<div class=\"eco-conseil\">\n<div class=\"view view-eco-conseil-16 view-id-eco_conseil_16 view-display-id-cookies view-dom-id-fde9d98f281dbfeffab6047990bb5e73\">\n<div class=\"view-content\">\n<div id=\"views-bootstrap-grid-1\" class=\"views-bootstrap-grid-plugin-style\">\n<div class=\"row\">\n<div class=\" col-xs-12 col-lg-4\">\n<div class=\"row\">\n<div class=\"col col-xs-12 col-lg-12\">\n<div class=\"field-content\"><a href=\"\/article\/1068883-classes-prepas-encore-une-chance-de-s-inscrire\"><img loading=\"lazy\" decoding=\"async\" class=\"img-responsive\" typeof=\"foaf:Image\" src=\"https:\/\/www.leconomiste.com\/sites\/default\/files\/eco7\/public\/styles\/800x400\/public\/default_images\/default_une.jpg?itok=4jZlgnIZ\" width=\"660\" height=\"330\" alt=\"\"\/><\/a><\/div>\n<\/div>\n<div class=\" title_suite_2 col col-xs-12 col-lg-12\"> <a href=\"\/article\/1068883-classes-prepas-encore-une-chance-de-s-inscrire\"\/><span class=\"field-content\">Article 1068883<\/span><\/div>\n<\/div>\n<\/div>\n<div class=\" col-xs-12 col-lg-4\">\n<div class=\"row\">\n<div class=\"col col-xs-12 col-lg-12\">\n<div class=\"field-content\"><a href=\"\/article\/1068882-souss-massa-la-carte-agricole-pour-bientot\"><img loading=\"lazy\" decoding=\"async\" class=\"img-responsive\" typeof=\"foaf:Image\" src=\"https:\/\/www.leconomiste.com\/sites\/default\/files\/eco7\/public\/styles\/800x400\/public\/default_images\/default_une.jpg?itok=4jZlgnIZ\" width=\"660\" height=\"330\" alt=\"\"\/><\/a><\/div>\n<\/div>\n<div class=\" title_suite_2 col col-xs-12 col-lg-12\"> <a href=\"\/article\/1068882-souss-massa-la-carte-agricole-pour-bientot\"\/><span class=\"field-content\">Souss Massa: La carte agricole pour bient\u00f4t<\/span><\/div>\n<\/div>\n<\/div>\n<div class=\" col-xs-12 col-lg-4\">\n<div class=\"row\">\n<div class=\"col col-xs-12 col-lg-12\">\n<div class=\"field-content\"><a href=\"\/article\/1068881-aerien-ryanair-reprend-du-service\"><img loading=\"lazy\" decoding=\"async\" class=\"img-responsive\" typeof=\"foaf:Image\" src=\"https:\/\/www.leconomiste.com\/sites\/default\/files\/eco7\/public\/styles\/800x400\/public\/default_images\/default_une.jpg?itok=4jZlgnIZ\" width=\"660\" height=\"330\" alt=\"\"\/><\/a><\/div>\n<\/div>\n<div class=\" title_suite_2 col col-xs-12 col-lg-12\"> <a href=\"\/article\/1068881-aerien-ryanair-reprend-du-service\"\/><span class=\"field-content\">A\u00e9rien: Ryanair reprend du service<\/span><\/div>\n<\/div>\n<\/div>\n<\/div>\n<\/div>\n<\/div>\n<\/div>\n<\/div>\n<p>Auteur: hlafriqi<br \/>\n<a href=\"https:\/\/www.leconomiste.com\/article\/1068879-casa-settat-le-secteur-prive-incite-privilegier-le-teletravail\">Cliquez ici pour lire l&rsquo;article depuis sa source.<\/a><\/p>\n","protected":false},"excerpt":{"rendered":"<p>Said Ahmidouch, Wali de la r\u00e9gion de Casa-Settat, a incit\u00e9, samedi 24 octobre, les soci\u00e9t\u00e9s du secteur priv\u00e9 \u00e0 privil\u00e9gier le t\u00e9l\u00e9travail. Cette d\u00e9cision, prise en coordination avec la CGEM, intervient au lendemain de la d\u00e9cision gouvernementale stipulant une s\u00e9rie de mesures suppl\u00e9mentaires pour faire face \u00e0 la propagation du nouveau coronavirus dans la r\u00e9gion. [&hellip;]<\/p>\n","protected":false},"author":1763,"featured_media":0,"comment_status":"closed","ping_status":"closed","sticky":false,"template":"","format":"standard","meta":{"fifu_image_url":"","fifu_image_alt":"","footnotes":""},"categories":[78,54],"tags":[],"class_list":["post-102922","post","type-post","status-publish","format-standard","hentry","category-economie","category-maroc"],"_links":{"self":[{"href":"https:\/\/linitiative.ca\/International\/wp-json\/wp\/v2\/posts\/102922","targetHints":{"allow":["GET"]}}],"collection":[{"href":"https:\/\/linitiative.ca\/International\/wp-json\/wp\/v2\/posts"}],"about":[{"href":"https:\/\/linitiative.ca\/International\/wp-json\/wp\/v2\/types\/post"}],"author":[{"embeddable":true,"href":"https:\/\/linitiative.ca\/International\/wp-json\/wp\/v2\/users\/1763"}],"replies":[{"embeddable":true,"href":"https:\/\/linitiative.ca\/International\/wp-json\/wp\/v2\/comments?post=102922"}],"version-history":[{"count":0,"href":"https:\/\/linitiative.ca\/International\/wp-json\/wp\/v2\/posts\/102922\/revisions"}],"wp:attachment":[{"href":"https:\/\/linitiative.ca\/International\/wp-json\/wp\/v2\/media?parent=102922"}],"wp:term":[{"taxonomy":"category","embeddable":true,"href":"https:\/\/linitiative.ca\/International\/wp-json\/wp\/v2\/categories?post=102922"},{"taxonomy":"post_tag","embeddable":true,"href":"https:\/\/linitiative.ca\/International\/wp-json\/wp\/v2\/tags?post=102922"}],"curies":[{"name":"wp","href":"https:\/\/api.w.org\/{rel}","templated":true}]}}