{"id":102923,"date":"2020-10-27T14:53:30","date_gmt":"2020-10-27T18:53:30","guid":{"rendered":"https:\/\/linitiative.ca\/International\/mesure-de-retorsion-contre-les-transporteurs-espagnols\/"},"modified":"2020-10-27T14:53:30","modified_gmt":"2020-10-27T18:53:30","slug":"mesure-de-retorsion-contre-les-transporteurs-espagnols","status":"publish","type":"post","link":"https:\/\/linitiative.ca\/International\/mesure-de-retorsion-contre-les-transporteurs-espagnols\/","title":{"rendered":"Mesure de r\u00e9torsion contre les transporteurs espagnols"},"content":{"rendered":"<div class=\"body\">\n<div class=\"field field-name-body field-type-text-with-summary field-label-hidden\">\n<div class=\"field-items\" readability=\"9\">\n<div class=\"field-item even\" property=\"content:encoded\" readability=\"13\">\n<p class=\"rtejustify\">Apr\u00e8s la mise en \u0153uvre d\u2019une loi interdisant aux camions marocains d\u2019entrer en territoire espagnol avec un contenu de plus de 200 litres de gasoil, les autorit\u00e9s marocaines r\u00e9agissent. A partir de demain, mardi 27 octobre, l\u2019acc\u00e8s au Maroc sera interdit \u00e0 toute semi-remorque isol\u00e9e appartenant \u00e0 une soci\u00e9t\u00e9 espagnole qui n\u2019est pas li\u00e9e \u00e0 une structure marocaine par un contrat de coop\u00e9ration. Le contr\u00f4le s\u2019effectuera sur la base des cartes grises et d\u2019une copie de ces contrats.<br \/><em>H.E.<\/em><\/p>\n<\/div>\n<\/div>\n<\/div>\n<\/div>\n<div class=\"eco-conseil\">\n<div class=\"view view-eco-conseil-16 view-id-eco_conseil_16 view-display-id-cookies view-dom-id-e9e4f8ea33b4b2b4472dbf220d412d31\">\n<div class=\"view-content\">\n<div id=\"views-bootstrap-grid-1\" class=\"views-bootstrap-grid-plugin-style\">\n<div class=\"row\">\n<div class=\" col-xs-12 col-lg-4\">\n<div class=\"row\">\n<div class=\"col col-xs-12 col-lg-12\">\n<div class=\"field-content\"><a href=\"\/article\/1068883-classes-prepas-encore-une-chance-de-s-inscrire\"><img loading=\"lazy\" decoding=\"async\" class=\"img-responsive\" typeof=\"foaf:Image\" src=\"https:\/\/www.leconomiste.com\/sites\/default\/files\/eco7\/public\/styles\/800x400\/public\/default_images\/default_une.jpg?itok=4jZlgnIZ\" width=\"660\" height=\"330\" alt=\"\"\/><\/a><\/div>\n<\/div>\n<div class=\" title_suite_2 col col-xs-12 col-lg-12\"> <a href=\"\/article\/1068883-classes-prepas-encore-une-chance-de-s-inscrire\"\/><span class=\"field-content\">Article 1068883<\/span><\/div>\n<\/div>\n<\/div>\n<div class=\" col-xs-12 col-lg-4\">\n<div class=\"row\">\n<div class=\"col col-xs-12 col-lg-12\">\n<div class=\"field-content\"><a href=\"\/article\/1068882-souss-massa-la-carte-agricole-pour-bientot\"><img loading=\"lazy\" decoding=\"async\" class=\"img-responsive\" typeof=\"foaf:Image\" src=\"https:\/\/www.leconomiste.com\/sites\/default\/files\/eco7\/public\/styles\/800x400\/public\/default_images\/default_une.jpg?itok=4jZlgnIZ\" width=\"660\" height=\"330\" alt=\"\"\/><\/a><\/div>\n<\/div>\n<div class=\" title_suite_2 col col-xs-12 col-lg-12\"> <a href=\"\/article\/1068882-souss-massa-la-carte-agricole-pour-bientot\"\/><span class=\"field-content\">Souss Massa: La carte agricole pour bient\u00f4t<\/span><\/div>\n<\/div>\n<\/div>\n<div class=\" col-xs-12 col-lg-4\">\n<div class=\"row\">\n<div class=\"col col-xs-12 col-lg-12\">\n<div class=\"field-content\"><a href=\"\/article\/1068881-aerien-ryanair-reprend-du-service\"><img loading=\"lazy\" decoding=\"async\" class=\"img-responsive\" typeof=\"foaf:Image\" src=\"https:\/\/www.leconomiste.com\/sites\/default\/files\/eco7\/public\/styles\/800x400\/public\/default_images\/default_une.jpg?itok=4jZlgnIZ\" width=\"660\" height=\"330\" alt=\"\"\/><\/a><\/div>\n<\/div>\n<div class=\" title_suite_2 col col-xs-12 col-lg-12\"> <a href=\"\/article\/1068881-aerien-ryanair-reprend-du-service\"\/><span class=\"field-content\">A\u00e9rien: Ryanair reprend du service<\/span><\/div>\n<\/div>\n<\/div>\n<\/div>\n<\/div>\n<\/div>\n<\/div>\n<\/div>\n<p>Auteur: hlafriqi<br \/>\n<a href=\"https:\/\/www.leconomiste.com\/article\/1068880-mesure-de-retorsion-contre-les-transporteurs-espagnols\">Cliquez ici pour lire l&rsquo;article depuis sa source.<\/a><\/p>\n","protected":false},"excerpt":{"rendered":"<p>Apr\u00e8s la mise en \u0153uvre d\u2019une loi interdisant aux camions marocains d\u2019entrer en territoire espagnol avec un contenu de plus de 200 litres de gasoil, les autorit\u00e9s marocaines r\u00e9agissent. A partir de demain, mardi 27 octobre, l\u2019acc\u00e8s au Maroc sera interdit \u00e0 toute semi-remorque isol\u00e9e appartenant \u00e0 une soci\u00e9t\u00e9 espagnole qui n\u2019est pas li\u00e9e \u00e0 [&hellip;]<\/p>\n","protected":false},"author":1763,"featured_media":0,"comment_status":"closed","ping_status":"closed","sticky":false,"template":"","format":"standard","meta":{"fifu_image_url":"","fifu_image_alt":"","footnotes":""},"categories":[78,54],"tags":[],"class_list":["post-102923","post","type-post","status-publish","format-standard","hentry","category-economie","category-maroc"],"_links":{"self":[{"href":"https:\/\/linitiative.ca\/International\/wp-json\/wp\/v2\/posts\/102923","targetHints":{"allow":["GET"]}}],"collection":[{"href":"https:\/\/linitiative.ca\/International\/wp-json\/wp\/v2\/posts"}],"about":[{"href":"https:\/\/linitiative.ca\/International\/wp-json\/wp\/v2\/types\/post"}],"author":[{"embeddable":true,"href":"https:\/\/linitiative.ca\/International\/wp-json\/wp\/v2\/users\/1763"}],"replies":[{"embeddable":true,"href":"https:\/\/linitiative.ca\/International\/wp-json\/wp\/v2\/comments?post=102923"}],"version-history":[{"count":0,"href":"https:\/\/linitiative.ca\/International\/wp-json\/wp\/v2\/posts\/102923\/revisions"}],"wp:attachment":[{"href":"https:\/\/linitiative.ca\/International\/wp-json\/wp\/v2\/media?parent=102923"}],"wp:term":[{"taxonomy":"category","embeddable":true,"href":"https:\/\/linitiative.ca\/International\/wp-json\/wp\/v2\/categories?post=102923"},{"taxonomy":"post_tag","embeddable":true,"href":"https:\/\/linitiative.ca\/International\/wp-json\/wp\/v2\/tags?post=102923"}],"curies":[{"name":"wp","href":"https:\/\/api.w.org\/{rel}","templated":true}]}}