{"id":102924,"date":"2020-10-27T14:53:32","date_gmt":"2020-10-27T18:53:32","guid":{"rendered":"https:\/\/linitiative.ca\/International\/aerien-ryanair-reprend-du-service\/"},"modified":"2020-10-27T14:53:32","modified_gmt":"2020-10-27T18:53:32","slug":"aerien-ryanair-reprend-du-service","status":"publish","type":"post","link":"https:\/\/linitiative.ca\/International\/aerien-ryanair-reprend-du-service\/","title":{"rendered":"A\u00e9rien: Ryanair reprend du service"},"content":{"rendered":"<div class=\"author\" readability=\"5.6\"> Par <a href=\"\/content\/karim-agoumi\">Karim Agoumi<\/a> <a href=\"\/node\/\"> <\/a> | Edition N\u00b0:5872 Le 26\/10\/2020 | Partager <\/div>\n<div class=\"body\">\n<div class=\"field field-name-body field-type-text-with-summary field-label-hidden\">\n<div class=\"field-items\" readability=\"9.5\">\n<div class=\"field-item even\" property=\"content:encoded\" readability=\"14\">\n<p class=\"rtejustify\">La compagnie europ\u00e9enne low cost Ryanair reprendra du service au Maroc d\u00e8s l\u2019hiver prochain, r\u00e9cemment boost\u00e9e dans ce sens par un partenariat avec l\u2019Office national marocain du Tourisme (ONMT). Le groupe avait en effet interrompu le trafic suite aux diff\u00e9rentes restrictions impos\u00e9es par la crise Covid. Ainsi, d\u00e8s le 25 octobre, pr\u00e8s de 58 vols hebdomadaires sur 45 lignes vers la France, l\u2019Irlande ou encore l\u2019Italie seront r\u00e9tablis. Objectif: accompagner sensiblement la reprise du secteur du tourisme national. Une strat\u00e9gie qui englobe d\u2019ores et d\u00e9j\u00e0 six march\u00e9s europ\u00e9ens et devrait assurer pas moins de 228.690 si\u00e8ges pour l\u2019hiver 2020.<br \/><em>\u00a0K.A<\/em>.<\/p>\n<\/div>\n<\/div>\n<\/div>\n<\/div>\n<div class=\"eco-conseil\">\n<div class=\"view view-eco-conseil-16 view-id-eco_conseil_16 view-display-id-cookies view-dom-id-2a9b796f1698f00fb17887debbb4edec\">\n<div class=\"view-content\">\n<div id=\"views-bootstrap-grid-1\" class=\"views-bootstrap-grid-plugin-style\">\n<div class=\"row\">\n<div class=\" col-xs-12 col-lg-4\">\n<div class=\"row\">\n<div class=\"col col-xs-12 col-lg-12\">\n<div class=\"field-content\"><a href=\"\/article\/1068883-classes-prepas-encore-une-chance-de-s-inscrire\"><img loading=\"lazy\" decoding=\"async\" class=\"img-responsive\" typeof=\"foaf:Image\" src=\"https:\/\/www.leconomiste.com\/sites\/default\/files\/eco7\/public\/styles\/800x400\/public\/default_images\/default_une.jpg?itok=4jZlgnIZ\" width=\"660\" height=\"330\" alt=\"\"\/><\/a><\/div>\n<\/div>\n<div class=\" title_suite_2 col col-xs-12 col-lg-12\"> <a href=\"\/article\/1068883-classes-prepas-encore-une-chance-de-s-inscrire\"\/><span class=\"field-content\">Article 1068883<\/span><\/div>\n<\/div>\n<\/div>\n<div class=\" col-xs-12 col-lg-4\">\n<div class=\"row\">\n<div class=\"col col-xs-12 col-lg-12\">\n<div class=\"field-content\"><a href=\"\/article\/1068882-souss-massa-la-carte-agricole-pour-bientot\"><img loading=\"lazy\" decoding=\"async\" class=\"img-responsive\" typeof=\"foaf:Image\" src=\"https:\/\/www.leconomiste.com\/sites\/default\/files\/eco7\/public\/styles\/800x400\/public\/default_images\/default_une.jpg?itok=4jZlgnIZ\" width=\"660\" height=\"330\" alt=\"\"\/><\/a><\/div>\n<\/div>\n<div class=\" title_suite_2 col col-xs-12 col-lg-12\"> <a href=\"\/article\/1068882-souss-massa-la-carte-agricole-pour-bientot\"\/><span class=\"field-content\">Souss Massa: La carte agricole pour bient\u00f4t<\/span><\/div>\n<\/div>\n<\/div>\n<div class=\" col-xs-12 col-lg-4\">\n<div class=\"row\">\n<div class=\"col col-xs-12 col-lg-12\">\n<div class=\"field-content\"><a href=\"\/article\/1068880-mesure-de-retorsion-contre-les-transporteurs-espagnols\"><img loading=\"lazy\" decoding=\"async\" class=\"img-responsive\" typeof=\"foaf:Image\" src=\"https:\/\/www.leconomiste.com\/sites\/default\/files\/eco7\/public\/styles\/800x400\/public\/default_images\/default_une.jpg?itok=4jZlgnIZ\" width=\"660\" height=\"330\" alt=\"\"\/><\/a><\/div>\n<\/div>\n<div class=\" title_suite_2 col col-xs-12 col-lg-12\"> <a href=\"\/article\/1068880-mesure-de-retorsion-contre-les-transporteurs-espagnols\"\/><span class=\"field-content\">Mesure de r\u00e9torsion contre les transporteurs espagnols<\/span><\/div>\n<\/div>\n<\/div>\n<\/div>\n<\/div>\n<\/div>\n<\/div>\n<\/div>\n<p>Auteur: hlafriqi<br \/>\n<a href=\"https:\/\/www.leconomiste.com\/article\/1068881-aerien-ryanair-reprend-du-service\">Cliquez ici pour lire l&rsquo;article depuis sa source.<\/a><\/p>\n","protected":false},"excerpt":{"rendered":"<p>Par Karim Agoumi | Edition N\u00b0:5872 Le 26\/10\/2020 | Partager La compagnie europ\u00e9enne low cost Ryanair reprendra du service au Maroc d\u00e8s l\u2019hiver prochain, r\u00e9cemment boost\u00e9e dans ce sens par un partenariat avec l\u2019Office national marocain du Tourisme (ONMT). Le groupe avait en effet interrompu le trafic suite aux diff\u00e9rentes restrictions impos\u00e9es par la crise [&hellip;]<\/p>\n","protected":false},"author":1763,"featured_media":0,"comment_status":"closed","ping_status":"closed","sticky":false,"template":"","format":"standard","meta":{"fifu_image_url":"","fifu_image_alt":"","footnotes":""},"categories":[78,54],"tags":[],"class_list":["post-102924","post","type-post","status-publish","format-standard","hentry","category-economie","category-maroc"],"_links":{"self":[{"href":"https:\/\/linitiative.ca\/International\/wp-json\/wp\/v2\/posts\/102924","targetHints":{"allow":["GET"]}}],"collection":[{"href":"https:\/\/linitiative.ca\/International\/wp-json\/wp\/v2\/posts"}],"about":[{"href":"https:\/\/linitiative.ca\/International\/wp-json\/wp\/v2\/types\/post"}],"author":[{"embeddable":true,"href":"https:\/\/linitiative.ca\/International\/wp-json\/wp\/v2\/users\/1763"}],"replies":[{"embeddable":true,"href":"https:\/\/linitiative.ca\/International\/wp-json\/wp\/v2\/comments?post=102924"}],"version-history":[{"count":0,"href":"https:\/\/linitiative.ca\/International\/wp-json\/wp\/v2\/posts\/102924\/revisions"}],"wp:attachment":[{"href":"https:\/\/linitiative.ca\/International\/wp-json\/wp\/v2\/media?parent=102924"}],"wp:term":[{"taxonomy":"category","embeddable":true,"href":"https:\/\/linitiative.ca\/International\/wp-json\/wp\/v2\/categories?post=102924"},{"taxonomy":"post_tag","embeddable":true,"href":"https:\/\/linitiative.ca\/International\/wp-json\/wp\/v2\/tags?post=102924"}],"curies":[{"name":"wp","href":"https:\/\/api.w.org\/{rel}","templated":true}]}}