{"id":102925,"date":"2020-10-27T14:53:34","date_gmt":"2020-10-27T18:53:34","guid":{"rendered":"https:\/\/linitiative.ca\/International\/souss-massa-la-carte-agricole-pour-bientot\/"},"modified":"2020-10-27T14:53:34","modified_gmt":"2020-10-27T18:53:34","slug":"souss-massa-la-carte-agricole-pour-bientot","status":"publish","type":"post","link":"https:\/\/linitiative.ca\/International\/souss-massa-la-carte-agricole-pour-bientot\/","title":{"rendered":"Souss Massa: La carte agricole pour bient\u00f4t"},"content":{"rendered":"<div class=\"body\">\n<div class=\"field field-name-body field-type-text-with-summary field-label-hidden\">\n<div class=\"field-items\" readability=\"8\">\n<div class=\"field-item even\" property=\"content:encoded\" readability=\"11\">\n<p class=\"rtejustify\">Une \u00e9tude pour l\u2019\u00e9laboration de la carte agricole de la r\u00e9gion de Souss Massa sera lanc\u00e9e par le d\u00e9partement de l\u2019Agriculture. Cette \u00e9tude portera sur la mise en place d\u2019une base de donn\u00e9es pour assurer le suivi des d\u00e9perditions en terres agricoles dans la r\u00e9gion et conserver les ressources en sol. Elle proc\u00e9dera aussi \u00e0 la classification des terres agricoles en trois cat\u00e9gories permettant d\u2019orienter les d\u00e9cisions d\u2019am\u00e9nagement: terres \u00e0 haut potentiel agricole (zone d\u2019agriculture \u00e0 prot\u00e9ger), terres \u00e0 potentiel agricole moyen (zone de sauvegarde) et terres \u00e0 faible potentiel agricole (zone pouvant \u00eatre c\u00e9d\u00e9e \u00e0 l\u2019urbanisation en cas de besoin pressant selon des normes).<br \/><em>K. M. <\/em><\/p>\n<\/div>\n<\/div>\n<\/div>\n<\/div>\n<div class=\"eco-conseil\">\n<div class=\"view view-eco-conseil-16 view-id-eco_conseil_16 view-display-id-cookies view-dom-id-2e054afbd04828d926120d58ddb98c3f\">\n<div class=\"view-content\">\n<div id=\"views-bootstrap-grid-1\" class=\"views-bootstrap-grid-plugin-style\">\n<div class=\"row\">\n<div class=\" col-xs-12 col-lg-4\">\n<div class=\"row\">\n<div class=\"col col-xs-12 col-lg-12\">\n<div class=\"field-content\"><a href=\"\/article\/1068883-classes-prepas-encore-une-chance-de-s-inscrire\"><img loading=\"lazy\" decoding=\"async\" class=\"img-responsive\" typeof=\"foaf:Image\" src=\"https:\/\/www.leconomiste.com\/sites\/default\/files\/eco7\/public\/styles\/800x400\/public\/default_images\/default_une.jpg?itok=4jZlgnIZ\" width=\"660\" height=\"330\" alt=\"\"\/><\/a><\/div>\n<\/div>\n<div class=\" title_suite_2 col col-xs-12 col-lg-12\"> <a href=\"\/article\/1068883-classes-prepas-encore-une-chance-de-s-inscrire\"\/><span class=\"field-content\">Article 1068883<\/span><\/div>\n<\/div>\n<\/div>\n<div class=\" col-xs-12 col-lg-4\">\n<div class=\"row\">\n<div class=\"col col-xs-12 col-lg-12\">\n<div class=\"field-content\"><a href=\"\/article\/1068881-aerien-ryanair-reprend-du-service\"><img loading=\"lazy\" decoding=\"async\" class=\"img-responsive\" typeof=\"foaf:Image\" src=\"https:\/\/www.leconomiste.com\/sites\/default\/files\/eco7\/public\/styles\/800x400\/public\/default_images\/default_une.jpg?itok=4jZlgnIZ\" width=\"660\" height=\"330\" alt=\"\"\/><\/a><\/div>\n<\/div>\n<div class=\" title_suite_2 col col-xs-12 col-lg-12\"> <a href=\"\/article\/1068881-aerien-ryanair-reprend-du-service\"\/><span class=\"field-content\">A\u00e9rien: Ryanair reprend du service<\/span><\/div>\n<\/div>\n<\/div>\n<div class=\" col-xs-12 col-lg-4\">\n<div class=\"row\">\n<div class=\"col col-xs-12 col-lg-12\">\n<div class=\"field-content\"><a href=\"\/article\/1068880-mesure-de-retorsion-contre-les-transporteurs-espagnols\"><img loading=\"lazy\" decoding=\"async\" class=\"img-responsive\" typeof=\"foaf:Image\" src=\"https:\/\/www.leconomiste.com\/sites\/default\/files\/eco7\/public\/styles\/800x400\/public\/default_images\/default_une.jpg?itok=4jZlgnIZ\" width=\"660\" height=\"330\" alt=\"\"\/><\/a><\/div>\n<\/div>\n<div class=\" title_suite_2 col col-xs-12 col-lg-12\"> <a href=\"\/article\/1068880-mesure-de-retorsion-contre-les-transporteurs-espagnols\"\/><span class=\"field-content\">Mesure de r\u00e9torsion contre les transporteurs espagnols<\/span><\/div>\n<\/div>\n<\/div>\n<\/div>\n<\/div>\n<\/div>\n<\/div>\n<\/div>\n<p>Auteur: hlafriqi<br \/>\n<a href=\"https:\/\/www.leconomiste.com\/article\/1068882-souss-massa-la-carte-agricole-pour-bientot\">Cliquez ici pour lire l&rsquo;article depuis sa source.<\/a><\/p>\n","protected":false},"excerpt":{"rendered":"<p>Une \u00e9tude pour l\u2019\u00e9laboration de la carte agricole de la r\u00e9gion de Souss Massa sera lanc\u00e9e par le d\u00e9partement de l\u2019Agriculture. Cette \u00e9tude portera sur la mise en place d\u2019une base de donn\u00e9es pour assurer le suivi des d\u00e9perditions en terres agricoles dans la r\u00e9gion et conserver les ressources en sol. Elle proc\u00e9dera aussi \u00e0 [&hellip;]<\/p>\n","protected":false},"author":1763,"featured_media":0,"comment_status":"closed","ping_status":"closed","sticky":false,"template":"","format":"standard","meta":{"fifu_image_url":"","fifu_image_alt":"","footnotes":""},"categories":[78,54],"tags":[],"class_list":["post-102925","post","type-post","status-publish","format-standard","hentry","category-economie","category-maroc"],"_links":{"self":[{"href":"https:\/\/linitiative.ca\/International\/wp-json\/wp\/v2\/posts\/102925","targetHints":{"allow":["GET"]}}],"collection":[{"href":"https:\/\/linitiative.ca\/International\/wp-json\/wp\/v2\/posts"}],"about":[{"href":"https:\/\/linitiative.ca\/International\/wp-json\/wp\/v2\/types\/post"}],"author":[{"embeddable":true,"href":"https:\/\/linitiative.ca\/International\/wp-json\/wp\/v2\/users\/1763"}],"replies":[{"embeddable":true,"href":"https:\/\/linitiative.ca\/International\/wp-json\/wp\/v2\/comments?post=102925"}],"version-history":[{"count":0,"href":"https:\/\/linitiative.ca\/International\/wp-json\/wp\/v2\/posts\/102925\/revisions"}],"wp:attachment":[{"href":"https:\/\/linitiative.ca\/International\/wp-json\/wp\/v2\/media?parent=102925"}],"wp:term":[{"taxonomy":"category","embeddable":true,"href":"https:\/\/linitiative.ca\/International\/wp-json\/wp\/v2\/categories?post=102925"},{"taxonomy":"post_tag","embeddable":true,"href":"https:\/\/linitiative.ca\/International\/wp-json\/wp\/v2\/tags?post=102925"}],"curies":[{"name":"wp","href":"https:\/\/api.w.org\/{rel}","templated":true}]}}