{"id":102926,"date":"2020-10-27T14:53:36","date_gmt":"2020-10-27T18:53:36","guid":{"rendered":"https:\/\/linitiative.ca\/International\/article-1068883\/"},"modified":"2020-10-27T14:53:36","modified_gmt":"2020-10-27T18:53:36","slug":"article-1068883","status":"publish","type":"post","link":"https:\/\/linitiative.ca\/International\/article-1068883\/","title":{"rendered":"Article 1068883"},"content":{"rendered":"<div class=\"author\" readability=\"5.6949152542373\"> Par <a href=\"\/content\/ahlam-nazih\"> Ahlam NAZIH<\/a> <a href=\"\/node\/\"> <\/a> | Edition N\u00b0:5872 Le 26\/10\/2020 | Partager <\/div>\n<div class=\"body\">\n<div class=\"field field-name-body field-type-text-with-summary field-label-hidden\">\n<div class=\"field-items\" readability=\"10\">\n<div class=\"field-item even\" property=\"content:encoded\" readability=\"15\">\n<p class=\"rtejustify\">Les bacheliers de la session 2020 ayant candidat\u00e9 pour acc\u00e9der aux classes pr\u00e9paratoires aux grandes \u00e9coles sans \u00eatre pris ont encore une chance d\u2019\u00eatre int\u00e9gr\u00e9s. Le minist\u00e8re de l\u2019Education nationale accorde un d\u00e9lai suppl\u00e9mentaire exceptionnel du 2 au 4 novembre prochain pour l\u2019inscription de ceux class\u00e9s, par ordre de m\u00e9rite et en fonction du nombre de places disponibles. Les d\u00e9p\u00f4ts des compl\u00e9ments de dossiers auront lieu, de 9 \u00e0 11h du matin, le 2 novembre pour la branche maths&amp;physique (MP), le 3 novembre pour la physique, sciences de l\u2019ing\u00e9nieur et technologie (PSI) et le 4 du m\u00eame mois pour les deux sp\u00e9cialit\u00e9s d\u2019\u00e9conomie et commerce (ECS et ECT).<br \/><em>A.Na<\/em><\/p>\n<\/div>\n<\/div>\n<\/div>\n<\/div>\n<div class=\"eco-conseil\">\n<div class=\"view view-eco-conseil-16 view-id-eco_conseil_16 view-display-id-cookies view-dom-id-5ce2fceec6b26c20035da01523f4edd8\">\n<div class=\"view-content\">\n<div id=\"views-bootstrap-grid-1\" class=\"views-bootstrap-grid-plugin-style\">\n<div class=\"row\">\n<div class=\" col-xs-12 col-lg-4\">\n<div class=\"row\">\n<div class=\"col col-xs-12 col-lg-12\">\n<div class=\"field-content\"><a href=\"\/article\/1068882-souss-massa-la-carte-agricole-pour-bientot\"><img loading=\"lazy\" decoding=\"async\" class=\"img-responsive\" typeof=\"foaf:Image\" src=\"https:\/\/www.leconomiste.com\/sites\/default\/files\/eco7\/public\/styles\/800x400\/public\/default_images\/default_une.jpg?itok=4jZlgnIZ\" width=\"660\" height=\"330\" alt=\"\"\/><\/a><\/div>\n<\/div>\n<div class=\" title_suite_2 col col-xs-12 col-lg-12\"> <a href=\"\/article\/1068882-souss-massa-la-carte-agricole-pour-bientot\"\/><span class=\"field-content\">Souss Massa: La carte agricole pour bient\u00f4t<\/span><\/div>\n<\/div>\n<\/div>\n<div class=\" col-xs-12 col-lg-4\">\n<div class=\"row\">\n<div class=\"col col-xs-12 col-lg-12\">\n<div class=\"field-content\"><a href=\"\/article\/1068881-aerien-ryanair-reprend-du-service\"><img loading=\"lazy\" decoding=\"async\" class=\"img-responsive\" typeof=\"foaf:Image\" src=\"https:\/\/www.leconomiste.com\/sites\/default\/files\/eco7\/public\/styles\/800x400\/public\/default_images\/default_une.jpg?itok=4jZlgnIZ\" width=\"660\" height=\"330\" alt=\"\"\/><\/a><\/div>\n<\/div>\n<div class=\" title_suite_2 col col-xs-12 col-lg-12\"> <a href=\"\/article\/1068881-aerien-ryanair-reprend-du-service\"\/><span class=\"field-content\">A\u00e9rien: Ryanair reprend du service<\/span><\/div>\n<\/div>\n<\/div>\n<div class=\" col-xs-12 col-lg-4\">\n<div class=\"row\">\n<div class=\"col col-xs-12 col-lg-12\">\n<div class=\"field-content\"><a href=\"\/article\/1068880-mesure-de-retorsion-contre-les-transporteurs-espagnols\"><img loading=\"lazy\" decoding=\"async\" class=\"img-responsive\" typeof=\"foaf:Image\" src=\"https:\/\/www.leconomiste.com\/sites\/default\/files\/eco7\/public\/styles\/800x400\/public\/default_images\/default_une.jpg?itok=4jZlgnIZ\" width=\"660\" height=\"330\" alt=\"\"\/><\/a><\/div>\n<\/div>\n<div class=\" title_suite_2 col col-xs-12 col-lg-12\"> <a href=\"\/article\/1068880-mesure-de-retorsion-contre-les-transporteurs-espagnols\"\/><span class=\"field-content\">Mesure de r\u00e9torsion contre les transporteurs espagnols<\/span><\/div>\n<\/div>\n<\/div>\n<\/div>\n<\/div>\n<\/div>\n<\/div>\n<\/div>\n<p>Auteur: hlafriqi<br \/>\n<a href=\"https:\/\/www.leconomiste.com\/article\/1068883-classes-prepas-encore-une-chance-de-s-inscrire\">Cliquez ici pour lire l&rsquo;article depuis sa source.<\/a><\/p>\n","protected":false},"excerpt":{"rendered":"<p>Par Ahlam NAZIH | Edition N\u00b0:5872 Le 26\/10\/2020 | Partager Les bacheliers de la session 2020 ayant candidat\u00e9 pour acc\u00e9der aux classes pr\u00e9paratoires aux grandes \u00e9coles sans \u00eatre pris ont encore une chance d\u2019\u00eatre int\u00e9gr\u00e9s. Le minist\u00e8re de l\u2019Education nationale accorde un d\u00e9lai suppl\u00e9mentaire exceptionnel du 2 au 4 novembre prochain pour l\u2019inscription de ceux [&hellip;]<\/p>\n","protected":false},"author":1763,"featured_media":0,"comment_status":"closed","ping_status":"closed","sticky":false,"template":"","format":"standard","meta":{"fifu_image_url":"","fifu_image_alt":"","footnotes":""},"categories":[78,54],"tags":[],"class_list":["post-102926","post","type-post","status-publish","format-standard","hentry","category-economie","category-maroc"],"_links":{"self":[{"href":"https:\/\/linitiative.ca\/International\/wp-json\/wp\/v2\/posts\/102926","targetHints":{"allow":["GET"]}}],"collection":[{"href":"https:\/\/linitiative.ca\/International\/wp-json\/wp\/v2\/posts"}],"about":[{"href":"https:\/\/linitiative.ca\/International\/wp-json\/wp\/v2\/types\/post"}],"author":[{"embeddable":true,"href":"https:\/\/linitiative.ca\/International\/wp-json\/wp\/v2\/users\/1763"}],"replies":[{"embeddable":true,"href":"https:\/\/linitiative.ca\/International\/wp-json\/wp\/v2\/comments?post=102926"}],"version-history":[{"count":0,"href":"https:\/\/linitiative.ca\/International\/wp-json\/wp\/v2\/posts\/102926\/revisions"}],"wp:attachment":[{"href":"https:\/\/linitiative.ca\/International\/wp-json\/wp\/v2\/media?parent=102926"}],"wp:term":[{"taxonomy":"category","embeddable":true,"href":"https:\/\/linitiative.ca\/International\/wp-json\/wp\/v2\/categories?post=102926"},{"taxonomy":"post_tag","embeddable":true,"href":"https:\/\/linitiative.ca\/International\/wp-json\/wp\/v2\/tags?post=102926"}],"curies":[{"name":"wp","href":"https:\/\/api.w.org\/{rel}","templated":true}]}}