{"id":102927,"date":"2020-10-27T11:30:00","date_gmt":"2020-10-27T15:30:00","guid":{"rendered":"https:\/\/linitiative.ca\/International\/forme-rassurante-de-ferjani-sassi\/"},"modified":"2020-10-27T11:30:00","modified_gmt":"2020-10-27T15:30:00","slug":"forme-rassurante-de-ferjani-sassi","status":"publish","type":"post","link":"https:\/\/linitiative.ca\/International\/forme-rassurante-de-ferjani-sassi\/","title":{"rendered":"Forme rassurante de Ferjani Sassi"},"content":{"rendered":"<p class=\"p1 c3\"><span class=\"c2\">Le<span class=\"Apple-converted-space\">\u00a0<\/span> milieu de terrain international de Zamalek\u00a0a pu, apr\u00e8s son r\u00e9tablissement\u00a0du coronavirus, reprendre les entra\u00eenements avec ses camarades<span class=\"Apple-converted-space\">\u00a0<\/span> non sans\u00a0se soumettre pr\u00e9alablement aux tests PCR d\u2019usage qui se sont av\u00e9r\u00e9s n\u00e9gatifs.. Lors de son premier entra\u00eenement effectu\u00e9 vendredi dernier s\u2019\u00e9tant compos\u00e9 essentiellement d\u2019un match d\u2019application\u00a0 Sassi s\u2019est particuli\u00e8rement distingu\u00e9, ausii bien au niveau de la r\u00e9cup\u00e9ration que sur le plan de l\u2019animation et de la construction du jeu. Toutefois et malgr\u00e9 sa bonne forme du moment Farjani Sassi a d\u00fb d\u00e9clarer forfait pour le dernier match du championnat qui a disput\u00e9 hier contre le club Isma\u00efly pour cause de suspension. Cet ultime match du championnat rev\u00eatait une importance fort particuli\u00e8re pour la \u2018Citadelle Blanche\u2019 dans sa course, avec Pyramids, pour la deuxi\u00e8me place au classement g\u00e9n\u00e9ral donnant le droit \u00e0 une participation\u00a0 \u00e0 la prochaine \u00e9dition de le Ligue des Champions.<\/span><\/p>\n<p class=\"p2 c5\"><span class=\"c2\"><strong>Examens m\u00e9dicaux<span class=\"Apple-converted-space\">\u00a0<\/span><\/strong><\/span><strong class=\"c4\">compl\u00e9mentaires<span class=\"Apple-converted-space\">\u00a0<\/span><\/strong><\/p>\n<p class=\"p2 c5\"><span class=\"c2\"><strong>pour Ali M\u00e2aloul<\/strong><\/span><\/p>\n<p class=\"p1 c3\"><span class=\"c2\">D\u2019aprr\u00e8s les nouvelles qui nous sont parvenues du Caire, Ali Maaloul ,le lat\u00e9ral gauche d\u2019Al Ahly qui fut, pour rappel, touch\u00e9 \u00e0 l\u2019entra\u00f4inement la veille de le demi-finale retour contrre le Wydad Casablanca devait subir, hier, des examens m\u00e9dicaux compl\u00e9mentaires approfondis, un IRM notamment, afin de d\u00e9terminer avec pr\u00e9cision la nature et la gravit\u00e9 de sa blessure musculaire. En principe, et si tout va bien, Ali Maaloul aura de fortes chances pour disputer la finale de la Ligue des champions contre le vainqueur de la demi-finale retour entre Zamlalk et le Raja Casablanca, pr\u00e9vue le 1er novembre prochain au stade international du Caire. Notons pour la petite histoire que que Ali\u00a0 Maaloul a jou\u00e9 \u00e0 chaque fois de malchance en ratant\u00a0 avec son \u00e9quipe deux finales. lLa premi\u00e8re en 2017 contre Le WAC et la seconde face \u00e0 l\u2019EST en 2018, toujours pour cause de blessure.\u00a0<\/span><\/p>\n<p class=\"p3 c6\">\u00a0<\/p>\n<p class=\"p4 c7\"><span class=\"c2\"><strong>Ameur KERKENNI<\/strong><\/span><\/p>\n<p>Auteur: letemps1<br \/>\n<a href=\"http:\/\/www.letemps.com.tn\/article\/117802\/forme-rassurante-de-ferjani-sassi\">Cliquez ici pour lire l&rsquo;article depuis sa source.<\/a><\/p>\n","protected":false},"excerpt":{"rendered":"<p>Le\u00a0 milieu de terrain international de Zamalek\u00a0a pu, apr\u00e8s son r\u00e9tablissement\u00a0du coronavirus, reprendre les entra\u00eenements avec ses camarades\u00a0 non sans\u00a0se soumettre pr\u00e9alablement aux tests PCR d\u2019usage qui se sont av\u00e9r\u00e9s n\u00e9gatifs.. Lors de son premier entra\u00eenement effectu\u00e9 vendredi dernier s\u2019\u00e9tant compos\u00e9 essentiellement d\u2019un match d\u2019application\u00a0 Sassi s\u2019est particuli\u00e8rement distingu\u00e9, ausii bien au niveau de la [&hellip;]<\/p>\n","protected":false},"author":1773,"featured_media":0,"comment_status":"closed","ping_status":"closed","sticky":false,"template":"","format":"standard","meta":{"fifu_image_url":"","fifu_image_alt":"","footnotes":""},"categories":[73,55],"tags":[],"class_list":["post-102927","post","type-post","status-publish","format-standard","hentry","category-actualite","category-tunisie"],"_links":{"self":[{"href":"https:\/\/linitiative.ca\/International\/wp-json\/wp\/v2\/posts\/102927","targetHints":{"allow":["GET"]}}],"collection":[{"href":"https:\/\/linitiative.ca\/International\/wp-json\/wp\/v2\/posts"}],"about":[{"href":"https:\/\/linitiative.ca\/International\/wp-json\/wp\/v2\/types\/post"}],"author":[{"embeddable":true,"href":"https:\/\/linitiative.ca\/International\/wp-json\/wp\/v2\/users\/1773"}],"replies":[{"embeddable":true,"href":"https:\/\/linitiative.ca\/International\/wp-json\/wp\/v2\/comments?post=102927"}],"version-history":[{"count":0,"href":"https:\/\/linitiative.ca\/International\/wp-json\/wp\/v2\/posts\/102927\/revisions"}],"wp:attachment":[{"href":"https:\/\/linitiative.ca\/International\/wp-json\/wp\/v2\/media?parent=102927"}],"wp:term":[{"taxonomy":"category","embeddable":true,"href":"https:\/\/linitiative.ca\/International\/wp-json\/wp\/v2\/categories?post=102927"},{"taxonomy":"post_tag","embeddable":true,"href":"https:\/\/linitiative.ca\/International\/wp-json\/wp\/v2\/tags?post=102927"}],"curies":[{"name":"wp","href":"https:\/\/api.w.org\/{rel}","templated":true}]}}