{"id":102928,"date":"2020-10-27T11:30:00","date_gmt":"2020-10-27T15:30:00","guid":{"rendered":"https:\/\/linitiative.ca\/International\/un-1er-trophee-continental-pour-la-r-s-berkane\/"},"modified":"2020-10-27T11:30:00","modified_gmt":"2020-10-27T15:30:00","slug":"un-1er-trophee-continental-pour-la-r-s-berkane","status":"publish","type":"post","link":"https:\/\/linitiative.ca\/International\/un-1er-trophee-continental-pour-la-r-s-berkane\/","title":{"rendered":"Un 1er troph\u00e9e continental pour la R S Berkane\u00a0!"},"content":{"rendered":"<p class=\"p1 c3\"><span class=\"c2\">Battu en finale de la derni\u00e8re \u00e9dition par le club Zamalek, le club marocain La Renaissance Sportive de Barkane\u00a0a pu aller cette fois jusqu\u2019au bout de son sujet en remportant\u00a0 pour la premi\u00e8re fois de son histoire la coupe de la CAF en battant dimanche\u00a0soir au stade Moulay Abdallah de Rabat le club \u00e9gyptien Pyramids FC par (1-0) but inscrit dans un cafouillage par le Burkinab\u00e9 Issoufou Dayo \u00e0 la 15 minute La finale qui fut d\u2019un niveau technique moyen a \u00e9t\u00e9 domin\u00e9 territorialement par l\u2019\u00e9quipe \u00e9gyptienne mais la d\u00e9fense marocaine a su annihiler toutes les tentatives des visiteurs pour revenir au score usant pour ce faire parfois de moyens peu orthodoxes. Les Marocains ont abus\u00e9 aussi de la perte du temps ont jou\u00e9 \u00e0 dix pendant six\u00a0minutes (en comptant le temps additionnel) apr\u00e8s l\u2019expulsion pour tacle dangereux du joueur du milieu de terrain Bakr Hilal \u00e0 la 89\u2019 par l\u2019arbitre du match, le Camerounais Alioum N\u00e9ant<\/span><\/p>\n<p class=\"p1 c3\"><span class=\"c2\">La RS Berkane\u00a0 devient ainsi le cinqui\u00e8me club marocain \u00e0 remporter la coupe de la CAF apr\u00e8s\u00a0 les FAR (en 2005) le FUS Rabat\u00a0 (2010), le Mogreb\u00a0de F\u00e8s (2011) et le Raja Casablanca (2018).<\/span><\/p>\n<p class=\"p1 c3\"><span class=\"c2\">La victoire de la RS Berkane a fait un grand heureux!; Il s\u2019agit de son ex pr\u00e9sident et l\u2019\u00e9ctuel homme fort de la Conf\u00e9d\u00e9rarion Africaine de Football Faouzi Lakjaa qui fut depuis les gradins u un spectateur attentionn\u00e9 de la finale avant avant d\u2019\u00eatre aux devants de la c\u00e9romonie protocolaire de la remise du troph\u00e9e \u00e0 son \u00e9quipe.<\/span><\/p>\n<p class=\"p2 c4\"><span class=\"c2\"><strong>Ameur KERKENNI<\/strong><\/span><\/p>\n<p>Auteur: letemps1<br \/>\n<a href=\"http:\/\/www.letemps.com.tn\/article\/117803\/un-1er-troph%C3%A9e-continental-pour-la-r-s-berkane%C2%A0\">Cliquez ici pour lire l&rsquo;article depuis sa source.<\/a><\/p>\n","protected":false},"excerpt":{"rendered":"<p>Battu en finale de la derni\u00e8re \u00e9dition par le club Zamalek, le club marocain La Renaissance Sportive de Barkane\u00a0a pu aller cette fois jusqu\u2019au bout de son sujet en remportant\u00a0 pour la premi\u00e8re fois de son histoire la coupe de la CAF en battant dimanche\u00a0soir au stade Moulay Abdallah de Rabat le club \u00e9gyptien Pyramids [&hellip;]<\/p>\n","protected":false},"author":1773,"featured_media":0,"comment_status":"closed","ping_status":"closed","sticky":false,"template":"","format":"standard","meta":{"fifu_image_url":"","fifu_image_alt":"","footnotes":""},"categories":[73,55],"tags":[],"class_list":["post-102928","post","type-post","status-publish","format-standard","hentry","category-actualite","category-tunisie"],"_links":{"self":[{"href":"https:\/\/linitiative.ca\/International\/wp-json\/wp\/v2\/posts\/102928","targetHints":{"allow":["GET"]}}],"collection":[{"href":"https:\/\/linitiative.ca\/International\/wp-json\/wp\/v2\/posts"}],"about":[{"href":"https:\/\/linitiative.ca\/International\/wp-json\/wp\/v2\/types\/post"}],"author":[{"embeddable":true,"href":"https:\/\/linitiative.ca\/International\/wp-json\/wp\/v2\/users\/1773"}],"replies":[{"embeddable":true,"href":"https:\/\/linitiative.ca\/International\/wp-json\/wp\/v2\/comments?post=102928"}],"version-history":[{"count":0,"href":"https:\/\/linitiative.ca\/International\/wp-json\/wp\/v2\/posts\/102928\/revisions"}],"wp:attachment":[{"href":"https:\/\/linitiative.ca\/International\/wp-json\/wp\/v2\/media?parent=102928"}],"wp:term":[{"taxonomy":"category","embeddable":true,"href":"https:\/\/linitiative.ca\/International\/wp-json\/wp\/v2\/categories?post=102928"},{"taxonomy":"post_tag","embeddable":true,"href":"https:\/\/linitiative.ca\/International\/wp-json\/wp\/v2\/tags?post=102928"}],"curies":[{"name":"wp","href":"https:\/\/api.w.org\/{rel}","templated":true}]}}