{"id":102929,"date":"2020-10-27T12:00:00","date_gmt":"2020-10-27T16:00:00","guid":{"rendered":"https:\/\/linitiative.ca\/International\/mbappe-attend-des-garanties-pour-prolonger-au-psg\/"},"modified":"2020-10-27T12:00:00","modified_gmt":"2020-10-27T16:00:00","slug":"mbappe-attend-des-garanties-pour-prolonger-au-psg","status":"publish","type":"post","link":"https:\/\/linitiative.ca\/International\/mbappe-attend-des-garanties-pour-prolonger-au-psg\/","title":{"rendered":"Mbapp\u00e9 attend des garanties pour prolonger  au PSG"},"content":{"rendered":"<p class=\"p1 c3\"><span class=\"c2\">Sous contrat jusqu\u2019en 2022 au Paris Saint-Germain, Kylian Mbapp\u00e9 prolongera-t-il ? Leonardo fait tout pour, mais les n\u00e9gociations bloquent.<\/span><\/p>\n<p class=\"p1 c3\"><span class=\"c2\">Et si il \u00e9tait l\u00e0, le grand d\u00e9fi de Leonardo en tant que directeur sportif du\u00a0Paris Saint-Germain\u00a0? Non pas affronter la crise du Covid-19, mais bien prolonger le joueur que toute la plan\u00e8te s\u2019arrache : Kylian Mbapp\u00e9, dont la fin de bail est pr\u00e9vue en 2022.<\/span><\/p>\n<p class=\"p2 c4\">\u00a0<\/p>\n<p class=\"p3 c5\"><span class=\"c2\"><strong>Des garanties\u2026<span class=\"Apple-converted-space\">\u00a0<\/span><\/strong><\/span><\/p>\n<p class=\"p3 c5\"><span class=\"c2\"><strong>que Leonardo ne peut offrir<\/strong><\/span><\/p>\n<p class=\"p1 c3\"><span class=\"c2\">Le dirigeant parisien en a fait une priorit\u00e9. Sa priorit\u00e9. Mais le dernier rendez-vous entre les deux parties, qui remonte \u00e0 la semaine derni\u00e8re selon L\u2019\u00c9quipe, n\u2019a pas accouch\u00e9 sur d\u2019\u00e9ventuelles avanc\u00e9es. \u00c0 vrai dire, les n\u00e9gociations se trouvent au point mort. Et pour cause : le clan Mbapp\u00e9 attend des garanties, que Leonardo ne peut offrir.\u00a0<\/span><\/p>\n<p class=\"p1 c3\"><span class=\"c2\">Cela ne concerne d\u2019ailleurs pas le futur salaire de Mbapp\u00e9, mais bien des garanties sportives sur la mani\u00e8re dont le PSG compte se renforcer pour remporter la Ligue des Champions. Face \u00e0 la crise sanitaire, Leonardo se trouve \u00e9videmment dans l\u2019inconnu, et son charisme ne suffira pas pour convaincre la famille du champion du monde.<\/span><\/p>\n<p class=\"p3 c5\"><span class=\"c2\"><strong>L\u2019entourage de Mbapp\u00e9 ouvert \u00e0 une prolongation<\/strong><\/span><\/p>\n<p class=\"p1 c3\"><span class=\"c2\">L\u2019entourage de Mbapp\u00e9 ouvre d\u2019ailleurs la porte \u00e0 une prolongation, mais cela ne semble pas \u00eatre la tendance pour le joueur, ardemment d\u00e9sir\u00e9 par le\u00a0Real Madrid et\u00a0Liverpool.<\/span><\/p>\n<p class=\"p1 c3\"><span class=\"c2\">Mais Leonardo n\u2019a pas dit son dernier mot et compte bien r\u00e9gler \u00absa\u00bb priorit\u00e9 avant de s\u2019attaquer \u00e0 la suivante : la prolongation de Neymar.<\/span><\/p>\n<p>Auteur: letemps1<br \/>\n<a href=\"http:\/\/www.letemps.com.tn\/article\/117804\/mbapp%C3%A9-attend-des-garanties-pour-prolonger-au-psg\">Cliquez ici pour lire l&rsquo;article depuis sa source.<\/a><\/p>\n","protected":false},"excerpt":{"rendered":"<p>Sous contrat jusqu\u2019en 2022 au Paris Saint-Germain, Kylian Mbapp\u00e9 prolongera-t-il ? Leonardo fait tout pour, mais les n\u00e9gociations bloquent. Et si il \u00e9tait l\u00e0, le grand d\u00e9fi de Leonardo en tant que directeur sportif du\u00a0Paris Saint-Germain\u00a0? Non pas affronter la crise du Covid-19, mais bien prolonger le joueur que toute la plan\u00e8te s\u2019arrache : Kylian [&hellip;]<\/p>\n","protected":false},"author":1773,"featured_media":0,"comment_status":"closed","ping_status":"closed","sticky":false,"template":"","format":"standard","meta":{"fifu_image_url":"","fifu_image_alt":"","footnotes":""},"categories":[73,55],"tags":[],"class_list":["post-102929","post","type-post","status-publish","format-standard","hentry","category-actualite","category-tunisie"],"_links":{"self":[{"href":"https:\/\/linitiative.ca\/International\/wp-json\/wp\/v2\/posts\/102929","targetHints":{"allow":["GET"]}}],"collection":[{"href":"https:\/\/linitiative.ca\/International\/wp-json\/wp\/v2\/posts"}],"about":[{"href":"https:\/\/linitiative.ca\/International\/wp-json\/wp\/v2\/types\/post"}],"author":[{"embeddable":true,"href":"https:\/\/linitiative.ca\/International\/wp-json\/wp\/v2\/users\/1773"}],"replies":[{"embeddable":true,"href":"https:\/\/linitiative.ca\/International\/wp-json\/wp\/v2\/comments?post=102929"}],"version-history":[{"count":0,"href":"https:\/\/linitiative.ca\/International\/wp-json\/wp\/v2\/posts\/102929\/revisions"}],"wp:attachment":[{"href":"https:\/\/linitiative.ca\/International\/wp-json\/wp\/v2\/media?parent=102929"}],"wp:term":[{"taxonomy":"category","embeddable":true,"href":"https:\/\/linitiative.ca\/International\/wp-json\/wp\/v2\/categories?post=102929"},{"taxonomy":"post_tag","embeddable":true,"href":"https:\/\/linitiative.ca\/International\/wp-json\/wp\/v2\/tags?post=102929"}],"curies":[{"name":"wp","href":"https:\/\/api.w.org\/{rel}","templated":true}]}}