{"id":102930,"date":"2020-10-27T12:00:00","date_gmt":"2020-10-27T16:00:00","guid":{"rendered":"https:\/\/linitiative.ca\/International\/ronaldo-sous-enquete-pour-violation-du-protocole-du-coronavirus\/"},"modified":"2020-10-27T12:00:00","modified_gmt":"2020-10-27T16:00:00","slug":"ronaldo-sous-enquete-pour-violation-du-protocole-du-coronavirus","status":"publish","type":"post","link":"https:\/\/linitiative.ca\/International\/ronaldo-sous-enquete-pour-violation-du-protocole-du-coronavirus\/","title":{"rendered":"Ronaldo sous enqu\u00eate pour violation du protocole du Coronavirus"},"content":{"rendered":"<p class=\"p1 c3\"><span class=\"c2\">Vincenzo Spadafora a r\u00e9affirm\u00e9 sa conviction que le Portugais a enfreint les r\u00e8gles du Covid-19 \u00e0 leur retour \u00e0 Turin apr\u00e8s la tr\u00eave internationale.<\/span><\/p>\n<p class=\"p1 c3\"><span class=\"c2\">La superstar de la\u00a0Juventus, Cristiano Ronaldo, fait l\u2019objet d\u2019une enqu\u00eate pour violation des protocoles relatifs aux coronavirus \u00e0 la suite de son test positif au d\u00e9but du mois, selon le ministre italien des Sports. Cristiano\u00a0Ronaldo a \u00e9t\u00e9 d\u00e9clar\u00e9 positif au Covid-19de la tr\u00eave internationale, apr\u00e8s avoir disput\u00e9 un match nul 0-0 avec l\u2019Espagne\u00a0et le match de la Ligue des Nations\u00a0contre la France\u00a0qui s\u203aest termin\u00e9 sur le m\u00eame score.<\/span><\/p>\n<p class=\"p1 c3\"><span class=\"c2\">Le joueur de 35 ans a \u00e9t\u00e9 contraint de rater la victoire 3-0 du\u00a0Portugal\u00a0contre laSu\u00e8de\u00a0le 14 octobre apr\u00e8s son diagnostic positif, et s\u203aest directement isol\u00e9.\u00a0Le quintuple vainqueur du Ballon d\u203aOr a rat\u00e9 le match nul de la Juventus face \u00e0 Crotone et la victoire\u00a0mardi au\u00a0Dynamo Kiev\u00a0en\u00a0Ligue des champions\u00a0avant d\u203a\u00eatre de nouveau diagnostiqu\u00e9 positif lors d\u203aun autre test ce mercredi, ce qui l\u203aa emp\u00each\u00e9 de revenir pour le match de\u00a0Serie A\u00a0contre Hellas Verone\u00a0dimanche.<\/span><\/p>\n<p class=\"p1 c3\"><span class=\"c2\">Cristiano Ronaldo devra passer un test Covid 24 heures avant la prochaine sortie europ\u00e9enne des Bianconeri contre le\u00a0FC Barcelone\u00a0en milieu de semaine ou bien son s\u00e9jour en marge du reste du groupe\u00a0sera prolong\u00e9 et son face \u00e0 face, tant attendu, avec son rival de longue date Lionel Messi sera report\u00e9.\u00a0Il pourrait \u00e9galement \u00eatre puni pour avoir enfreint les r\u00e8gles de quarantaine alors qu\u2019il \u00e9tait avec son \u00e9quipe nationale,\u00a0apr\u00e8s avoir regagn\u00e9 son domicile en\u00a0Italie\u00a0via une ambulance a\u00e9rienne priv\u00e9e apr\u00e8s avoir contract\u00e9 Covid-19.<\/span><\/p>\n<p class=\"p1 c3\"><span class=\"c2\">Le ministre italien des Sports,\u00a0Vincenzo Spadafora, a d\u00e9clar\u00e9 le 15 octobre qu\u2019il pensait fortement que Cristiano\u00a0Ronaldo avait enfreint la r\u00e9glementation sur les coronavirus apr\u00e8s avoir quitt\u00e9 le camp d\u2019entra\u00eenement du Portugal\u00a0: \u200b\u200b\u00abSans l\u2019autorisation des autorit\u00e9s sanitaires, je pense qu\u2019il a viol\u00e9 le protocole\u00bb. Spadafora a maintenant r\u00e9affirm\u00e9 son intuition et r\u00e9v\u00e9l\u00e9 que les actions de l\u2019attaquant de la Juve font l\u2019objet d\u2019une enqu\u00eate officielle.<\/span><\/p>\n<p class=\"p1 c3\"><span class=\"c2\">Il a d\u00e9clar\u00e9 \u00e0 Rai Tre: \u00abCristiano n\u2019a pas respect\u00e9 le protocole. Il y a une enqu\u00eate du parquet f\u00e9d\u00e9ral pour le prouver. \u00a0Le virus nous a appris que personne n\u2019est exempt\u00e9, \u00e9videmment ce sont tous des gens qui ont essay\u00e9 de respecter les protocoles autant que possible, mais la seule solution, au final, est de rester \u00e0 la maison.\u00a0Est-ce que j\u2019ai discut\u00e9 avec Cristiano Ronaldo de cette situation ? Non, avec tout le respect,\u00a0c\u2019\u00e9tait un \u00e9pisode d\u00e9sagr\u00e9able, mais \u00e0 l\u2019occasion du match aller, il a viol\u00e9 le protocole et c\u2019est un fait, car il y a aussi une enqu\u00eate ouverte par le procureur de Turin\u00bb.<\/span><\/p>\n<p class=\"p1 c3\"><span class=\"c2\">Ronaldo a d\u00e9fendu les mesures qu\u2019il avait prises pour s\u2019auto-isoler dans un post Instagram le 16 octobre, disant \u00e0 ses abonn\u00e9s :\u00a0\u00abJe n\u2019ai viol\u00e9 aucun protocole. Ils disent que j\u2019ai enfreint les lois italiennes, mais c\u2019est un mensonge. J\u2019ai parl\u00e9 avec mon \u00e9quipe et nous avons la responsabilit\u00e9 de bien faire les choses.\u00a0Tout a \u00e9t\u00e9 fait avec autorisation. Principalement pour l\u2019Italien dont je ne vais pas dire le nom, c\u2019est un mensonge, j\u2019ai respect\u00e9 tous les protocoles\u00bb.<\/span><\/p>\n<p>Auteur: letemps1<br \/>\n<a href=\"http:\/\/www.letemps.com.tn\/article\/117805\/ronaldo-sous-enqu%C3%AAte-pour-violation-du-protocole-du-coronavirus\">Cliquez ici pour lire l&rsquo;article depuis sa source.<\/a><\/p>\n","protected":false},"excerpt":{"rendered":"<p>Vincenzo Spadafora a r\u00e9affirm\u00e9 sa conviction que le Portugais a enfreint les r\u00e8gles du Covid-19 \u00e0 leur retour \u00e0 Turin apr\u00e8s la tr\u00eave internationale. La superstar de la\u00a0Juventus, Cristiano Ronaldo, fait l\u2019objet d\u2019une enqu\u00eate pour violation des protocoles relatifs aux coronavirus \u00e0 la suite de son test positif au d\u00e9but du mois, selon le ministre [&hellip;]<\/p>\n","protected":false},"author":1773,"featured_media":0,"comment_status":"closed","ping_status":"closed","sticky":false,"template":"","format":"standard","meta":{"fifu_image_url":"","fifu_image_alt":"","footnotes":""},"categories":[73,55],"tags":[],"class_list":["post-102930","post","type-post","status-publish","format-standard","hentry","category-actualite","category-tunisie"],"_links":{"self":[{"href":"https:\/\/linitiative.ca\/International\/wp-json\/wp\/v2\/posts\/102930","targetHints":{"allow":["GET"]}}],"collection":[{"href":"https:\/\/linitiative.ca\/International\/wp-json\/wp\/v2\/posts"}],"about":[{"href":"https:\/\/linitiative.ca\/International\/wp-json\/wp\/v2\/types\/post"}],"author":[{"embeddable":true,"href":"https:\/\/linitiative.ca\/International\/wp-json\/wp\/v2\/users\/1773"}],"replies":[{"embeddable":true,"href":"https:\/\/linitiative.ca\/International\/wp-json\/wp\/v2\/comments?post=102930"}],"version-history":[{"count":0,"href":"https:\/\/linitiative.ca\/International\/wp-json\/wp\/v2\/posts\/102930\/revisions"}],"wp:attachment":[{"href":"https:\/\/linitiative.ca\/International\/wp-json\/wp\/v2\/media?parent=102930"}],"wp:term":[{"taxonomy":"category","embeddable":true,"href":"https:\/\/linitiative.ca\/International\/wp-json\/wp\/v2\/categories?post=102930"},{"taxonomy":"post_tag","embeddable":true,"href":"https:\/\/linitiative.ca\/International\/wp-json\/wp\/v2\/tags?post=102930"}],"curies":[{"name":"wp","href":"https:\/\/api.w.org\/{rel}","templated":true}]}}