{"id":102931,"date":"2020-10-27T12:00:00","date_gmt":"2020-10-27T16:00:00","guid":{"rendered":"https:\/\/linitiative.ca\/International\/sil-doit-me-faire-entrer-il-le-fera-a-la-80e-minute\/"},"modified":"2020-10-27T12:00:00","modified_gmt":"2020-10-27T16:00:00","slug":"sil-doit-me-faire-entrer-il-le-fera-a-la-80e-minute","status":"publish","type":"post","link":"https:\/\/linitiative.ca\/International\/sil-doit-me-faire-entrer-il-le-fera-a-la-80e-minute\/","title":{"rendered":"\u00abS\u2019il doit me faire entrer, il le fera \u00e0 la 80e minute\u00a0!\u00bb"},"content":{"rendered":"<p class=\"p1 c3\"><span class=\"c2\">Le meneur de jeu est m\u00e9content du manque de temps de jeu qui lui a \u00e9t\u00e9 accord\u00e9 ces derniers temps et a attaqu\u00e9 son entra\u00eeneur.<\/span><\/p>\n<p class=\"p1 c3\"><span class=\"c2\">Isco a tacl\u00e9 l\u2019entra\u00eeneur du\u00a0Real Madrid,\u00a0Zinedine Zidane, affirmant qu\u2019il \u00e9tait ostracis\u00e9 par le Fran\u00e7ais.\u00a0Le milieu de terrain espagnol n\u2019a particip\u00e9 \u00e0 aucune des deux derni\u00e8res sorties des Merengue, que ce soit \u00e0 la victoire 3-1 lors du Clasico contre Barcelone samedi et mais aussi \u00e0 la surprenante\u00a0d\u00e9faite 3-2 en\u00a0Ligue des champions\u00a0contre le\u00a0Shakhtar Donetsk\u00a0trois jours plus t\u00f4t.\u00a0En effet, le joueur de 28 ans n\u203aa jou\u00e9 que sporadiquement cette saison, faisant quatre apparitions apr\u00e8s avoir subi une entorse \u00e0 la cheville cet \u00e9t\u00e9.<\/span><\/p>\n<p class=\"p1 c3\"><span class=\"c2\">C\u2019est une situation dont l\u2019ancien homme de Malaga n\u2019est pas content. \u00abS\u2019il doit me sortir, il m\u2019enl\u00e8ve \u00e0 la 50e ou 60e minute du match. Parfois m\u00eame \u00e0 la mi-temps\u00bb, s\u2019est plaint le joueur sur le programme \u00abEl Partidazo\u00bb\u00a0de Movistar +.\u00a0\u00abS\u203ail doit me faire jouer, il le fera \u00e0 la 80e minute\u00bb, a ajout\u00e9 l\u2019international espagnol.\u00a0Au cours de ses sept ann\u00e9es avec le Real Madrid, Isco n\u2019a jamais r\u00e9ussi \u00e0 s\u2019imposer comme un titulaire indiscutable.<\/span><\/p>\n<p class=\"p2 c4\">\u00a0<\/p>\n<p class=\"p3 c5\"><span class=\"c2\"><strong>Un investissement d\u00e9fensif insuffisant ?<\/strong><\/span><\/p>\n<p class=\"p1 c3\"><span class=\"c2\">L\u2019international espagnol a toujours altern\u00e9 entre une pr\u00e9sence dans le onze de d\u00e9part et sur le banc de touche ce qui ne lui a pas permis de d\u00e9buter plusieurs matches\u00a0cons\u00e9cutifs en championnat depuis trois ans.\u00a0Pendant ces trois ans, il a disput\u00e9 l\u2019int\u00e9gralit\u00e9 de seulement six matches en\u00a0Liga, ce qui signifie qu\u2019il est soit amen\u00e9 \u00e0 entrer en jeu, soit \u00e0 sortir lorsqu\u2019il est titulaire. Il a \u00e9t\u00e9 sugg\u00e9r\u00e9 qu\u2019il n\u2019a pas fait le travail d\u00e9fensif requis pour que Zidane le s\u00e9lectionne.\u00a0<\/span><\/p>\n<p class=\"p1 c3\"><span class=\"c2\">\u00abLa victoire \u00e9tait le r\u00e9sultat du travail d\u00e9fensif du groupe\u00bb, a soulign\u00e9 Sergio Ramos apr\u00e8s la victoire du week-end au Camp Nou.\u00a0\u00abNous avons couru, nous avons souffert et il y a le r\u00e9sultat.\u00a0C\u2019est la ligne que nous devons atteindre et maintenir tout au long de la saison. En fin de compte, dans le football, il y a des choses qui ne peuvent pas \u00eatre n\u00e9goci\u00e9es comme l\u2019attitude et l\u2019intensit\u00e9, et l\u2019\u00e9quipe a mis le maximum du d\u00e9but \u00e0 la fin\u00bb.<\/span><\/p>\n<p class=\"p1 c3\"><span class=\"c2\">Le Real Madrid est maintenant deuxi\u00e8me de la\u00a0Liga\u00a0avec 13 points, comptant seulement un point de retard sur l\u203a\u00e9quipe surprise de ce d\u00e9but de saison,\u00a0la\u00a0Real Sociedad, alors qu\u2019ils ont un match en moins.\u00a0Apr\u00e8s son succ\u00e8s au Clasico, le Real Madrid se rendra mardi au\u00a0Borussia M\u00f6nchengladbach\u00a0en Ligue des champions, \u00e0 la recherche d\u2019une victoire qui les remettrait sur les rails dans la comp\u00e9tition avant une double confrontation\u00a0avec l\u2019Inter d\u2019Antonio Conte.\u00a0Leur prochain match en Liga aura lieu le samedi 31 octobre face \u00e0\u00a0Huesca.<\/span><\/p>\n<p>Auteur: letemps1<br \/>\n<a href=\"http:\/\/www.letemps.com.tn\/article\/117806\/%C2%ABs%E2%80%99il-doit-me-faire-entrer-il-le-fera-%C3%A0-la-80e-minute%C2%A0%C2%BB\">Cliquez ici pour lire l&rsquo;article depuis sa source.<\/a><\/p>\n","protected":false},"excerpt":{"rendered":"<p>Le meneur de jeu est m\u00e9content du manque de temps de jeu qui lui a \u00e9t\u00e9 accord\u00e9 ces derniers temps et a attaqu\u00e9 son entra\u00eeneur. Isco a tacl\u00e9 l\u2019entra\u00eeneur du\u00a0Real Madrid,\u00a0Zinedine Zidane, affirmant qu\u2019il \u00e9tait ostracis\u00e9 par le Fran\u00e7ais.\u00a0Le milieu de terrain espagnol n\u2019a particip\u00e9 \u00e0 aucune des deux derni\u00e8res sorties des Merengue, que ce [&hellip;]<\/p>\n","protected":false},"author":1773,"featured_media":0,"comment_status":"closed","ping_status":"closed","sticky":false,"template":"","format":"standard","meta":{"fifu_image_url":"","fifu_image_alt":"","footnotes":""},"categories":[73,55],"tags":[],"class_list":["post-102931","post","type-post","status-publish","format-standard","hentry","category-actualite","category-tunisie"],"_links":{"self":[{"href":"https:\/\/linitiative.ca\/International\/wp-json\/wp\/v2\/posts\/102931","targetHints":{"allow":["GET"]}}],"collection":[{"href":"https:\/\/linitiative.ca\/International\/wp-json\/wp\/v2\/posts"}],"about":[{"href":"https:\/\/linitiative.ca\/International\/wp-json\/wp\/v2\/types\/post"}],"author":[{"embeddable":true,"href":"https:\/\/linitiative.ca\/International\/wp-json\/wp\/v2\/users\/1773"}],"replies":[{"embeddable":true,"href":"https:\/\/linitiative.ca\/International\/wp-json\/wp\/v2\/comments?post=102931"}],"version-history":[{"count":0,"href":"https:\/\/linitiative.ca\/International\/wp-json\/wp\/v2\/posts\/102931\/revisions"}],"wp:attachment":[{"href":"https:\/\/linitiative.ca\/International\/wp-json\/wp\/v2\/media?parent=102931"}],"wp:term":[{"taxonomy":"category","embeddable":true,"href":"https:\/\/linitiative.ca\/International\/wp-json\/wp\/v2\/categories?post=102931"},{"taxonomy":"post_tag","embeddable":true,"href":"https:\/\/linitiative.ca\/International\/wp-json\/wp\/v2\/tags?post=102931"}],"curies":[{"name":"wp","href":"https:\/\/api.w.org\/{rel}","templated":true}]}}